{"id":4624,"date":"2025-10-19T23:20:33","date_gmt":"2025-10-19T21:20:33","guid":{"rendered":"https:\/\/nfs-sigmaringen.de\/?p=4624"},"modified":"2025-10-19T23:20:33","modified_gmt":"2025-10-19T21:20:33","slug":"notfallseelsorge-landesfachtag-am-18-oktober-2025-pforzheim","status":"publish","type":"post","link":"https:\/\/nfs-sigmaringen.de\/?p=4624","title":{"rendered":"Notfallseelsorge Landesfachtag am 18. Oktober 2025 &#8211; Pforzheim"},"content":{"rendered":"\n<figure class=\"wp-block-image size-large\"><img decoding=\"async\" width=\"1920\" height=\"2560\" src=\"https:\/\/nfs-sigmaringen.de\/wp-content\/uploads\/2025\/10\/20251018_070541770_iOS-1-edited-scaled.jpg\" alt=\"\" class=\"wp-image-4627\" srcset=\"https:\/\/nfs-sigmaringen.de\/wp-content\/uploads\/2025\/10\/20251018_070541770_iOS-1-edited-scaled.jpg 1920w, https:\/\/nfs-sigmaringen.de\/wp-content\/uploads\/2025\/10\/20251018_070541770_iOS-1-edited-225x300.jpg 225w, https:\/\/nfs-sigmaringen.de\/wp-content\/uploads\/2025\/10\/20251018_070541770_iOS-1-edited-768x1024.jpg 768w, https:\/\/nfs-sigmaringen.de\/wp-content\/uploads\/2025\/10\/20251018_070541770_iOS-1-edited-1152x1536.jpg 1152w, https:\/\/nfs-sigmaringen.de\/wp-content\/uploads\/2025\/10\/20251018_070541770_iOS-1-edited-1536x2048.jpg 1536w\" sizes=\"(max-width: 767px) 89vw, (max-width: 1000px) 54vw, (max-width: 1071px) 543px, 580px\" \/><figcaption class=\"wp-element-caption\">Stadtkirche Pforzheim<\/figcaption><\/figure>\n\n\n\n<p>Am 18. Oktober 2025 fand in Pforzheim der <strong>Landesfachtag der Notfallseelsorge Baden-W\u00fcrttemberg<\/strong> statt \u2013 ein wichtiges Forum f\u00fcr alle, die in der psychosozialen Notfallversorgung (PSNV) t\u00e4tig sind. Ausgerichtet wurde der Fachtag von der <strong>Notfallseelsorge + Einsatznachsorge Enzkreis und Stadt Pforzheim<\/strong>, die in diesem Jahr ihr 30-j\u00e4hriges Bestehen feiert.<\/p>\n\n\n\n<p>Auch die <strong>Notfallseelsorge Sigmaringen<\/strong> war mit einem starken Team vertreten: <strong>neun Kameradinnen und Kameraden<\/strong> machten sich fr\u00fchmorgens auf den Weg nach Pforzheim, um gemeinsam mit Kolleginnen und Kollegen aus ganz Baden-W\u00fcrttemberg einen Tag voller Fachimpulse, Austausch und praxisnaher Weiterbildung zu erleben.<\/p>\n\n\n\n<figure class=\"wp-block-image size-large\"><img decoding=\"async\" width=\"2560\" height=\"1920\" src=\"https:\/\/nfs-sigmaringen.de\/wp-content\/uploads\/2025\/10\/20251018_124137584_iOS-1-edited-scaled.jpg\" alt=\"\" class=\"wp-image-4629\" srcset=\"https:\/\/nfs-sigmaringen.de\/wp-content\/uploads\/2025\/10\/20251018_124137584_iOS-1-edited-scaled.jpg 2560w, https:\/\/nfs-sigmaringen.de\/wp-content\/uploads\/2025\/10\/20251018_124137584_iOS-1-edited-300x225.jpg 300w, https:\/\/nfs-sigmaringen.de\/wp-content\/uploads\/2025\/10\/20251018_124137584_iOS-1-edited-1024x768.jpg 1024w, https:\/\/nfs-sigmaringen.de\/wp-content\/uploads\/2025\/10\/20251018_124137584_iOS-1-edited-768x576.jpg 768w, https:\/\/nfs-sigmaringen.de\/wp-content\/uploads\/2025\/10\/20251018_124137584_iOS-1-edited-1536x1152.jpg 1536w, https:\/\/nfs-sigmaringen.de\/wp-content\/uploads\/2025\/10\/20251018_124137584_iOS-1-edited-2048x1536.jpg 2048w\" sizes=\"(max-width: 767px) 89vw, (max-width: 1000px) 54vw, (max-width: 1071px) 543px, 580px\" \/><figcaption class=\"wp-element-caption\">Unsere Teilnehmenden Notfallseelsorgerinnen und Notfallseelsorger Lkr. Sigmaringen &#8211; mit Hund <\/figcaption><\/figure>\n\n\n\n<p>Ein herzlicher Dank geht an die <strong>Malteser Sigmaringen<\/strong>, die uns f\u00fcr den Tag einen <strong>VW-Bus<\/strong> zur Verf\u00fcgung stellten \u2013 eine wertvolle Unterst\u00fctzung, die unsere Teilnahme in dieser St\u00e4rke erst m\u00f6glich machte.<\/p>\n\n\n\n<h3 class=\"wp-block-heading\"><strong>Ein Tag voller Begegnungen, Wissen und Praxis<\/strong><\/h3>\n\n\n\n<p>Nach der Begr\u00fc\u00dfung in der Pforzheimer Stadtkirche und einem inspirierenden Impulsvortrag stand der Nachmittag im Zeichen des aktiven Lernens. In <strong>\u00fcber einem Dutzend Workshops<\/strong> bot sich den Teilnehmenden die Gelegenheit, aktuelle Themen und Herausforderungen der PSNV aus verschiedenen Perspektiven zu beleuchten.<\/p>\n\n\n\n<p>Die Bandbreite der Themen zeigte, wie vielseitig und anspruchsvoll psychosoziale Notfallarbeit ist:<\/p>\n\n\n\n<ul class=\"wp-block-list\">\n<li>Kommunikation in Krisen und Akutsituationen<\/li>\n\n\n\n<li>Umgang mit Trauer, Tod und Abschied<\/li>\n\n\n\n<li>Begleitung von Kindern und Familien nach belastenden Ereignissen<\/li>\n\n\n\n<li>Suizidalit\u00e4t und seelische Krisen<\/li>\n\n\n\n<li>Selbstf\u00fcrsorge und Einsatznachsorge f\u00fcr Helfende<\/li>\n\n\n\n<li>Zusammenarbeit mit Feuerwehr, Polizei und Rettungsdienst<\/li>\n\n\n\n<li>Seelsorge im Einsatzkontext und ethische Fragestellungen<\/li>\n<\/ul>\n\n\n\n<p>Zwischen den Workshops blieb Zeit f\u00fcr kollegiale Gespr\u00e4che, Netzwerken und den Austausch \u00fcber Erfahrungen aus dem Einsatzalltag \u2013 genau das, was PSNV-Arbeit stark macht: Fachkompetenz, gegenseitige Unterst\u00fctzung und gelebte Gemeinschaft.<\/p>\n\n\n\n<figure class=\"wp-block-image size-large\"><img decoding=\"async\" width=\"768\" height=\"1024\" src=\"https:\/\/nfs-sigmaringen.de\/wp-content\/uploads\/2025\/10\/20251018_095203722_iOS-768x1024.jpg\" alt=\"\" class=\"wp-image-4630\" srcset=\"https:\/\/nfs-sigmaringen.de\/wp-content\/uploads\/2025\/10\/20251018_095203722_iOS-768x1024.jpg 768w, https:\/\/nfs-sigmaringen.de\/wp-content\/uploads\/2025\/10\/20251018_095203722_iOS-225x300.jpg 225w, https:\/\/nfs-sigmaringen.de\/wp-content\/uploads\/2025\/10\/20251018_095203722_iOS-1152x1536.jpg 1152w, https:\/\/nfs-sigmaringen.de\/wp-content\/uploads\/2025\/10\/20251018_095203722_iOS-1536x2048.jpg 1536w, https:\/\/nfs-sigmaringen.de\/wp-content\/uploads\/2025\/10\/20251018_095203722_iOS-scaled.jpg 1920w\" sizes=\"(max-width: 767px) 89vw, (max-width: 1000px) 54vw, (max-width: 1071px) 543px, 580px\" \/><figcaption class=\"wp-element-caption\">Weg von der Stadtkirche zu den Schulungsr\u00e4umen<\/figcaption><\/figure>\n\n\n\n<h3 class=\"wp-block-heading\"><strong>Warum solche Fachtage wichtig sind<\/strong><\/h3>\n\n\n\n<p>Der Landesfachtag bot nicht nur fachlichen Input, sondern auch Raum zur Reflexion \u00fcber die eigene Rolle in der Notfallseelsorge. Er machte deutlich, wie wertvoll kontinuierliche Weiterbildung und der Blick \u00fcber den eigenen Landkreis hinaus sind.<br \/>Die Verbindung von Theorie, Praxis und pers\u00f6nlicher Begegnung st\u00e4rkte das Bewusstsein daf\u00fcr, wie bedeutsam psychosoziale Begleitung in Krisenmomenten ist \u2013 f\u00fcr Betroffene wie auch f\u00fcr Einsatzkr\u00e4fte.<\/p>\n\n\n\n<hr class=\"wp-block-separator has-alpha-channel-opacity\"\/>\n\n\n\n<figure class=\"wp-block-image size-large\"><img decoding=\"async\" width=\"768\" height=\"1024\" src=\"https:\/\/nfs-sigmaringen.de\/wp-content\/uploads\/2025\/10\/20251018_123613047_iOS-768x1024.jpg\" alt=\"\" class=\"wp-image-4631\" srcset=\"https:\/\/nfs-sigmaringen.de\/wp-content\/uploads\/2025\/10\/20251018_123613047_iOS-768x1024.jpg 768w, https:\/\/nfs-sigmaringen.de\/wp-content\/uploads\/2025\/10\/20251018_123613047_iOS-225x300.jpg 225w, https:\/\/nfs-sigmaringen.de\/wp-content\/uploads\/2025\/10\/20251018_123613047_iOS-1152x1536.jpg 1152w, https:\/\/nfs-sigmaringen.de\/wp-content\/uploads\/2025\/10\/20251018_123613047_iOS-1536x2048.jpg 1536w, https:\/\/nfs-sigmaringen.de\/wp-content\/uploads\/2025\/10\/20251018_123613047_iOS-scaled.jpg 1920w\" sizes=\"(max-width: 767px) 89vw, (max-width: 1000px) 54vw, (max-width: 1071px) 543px, 580px\" \/><figcaption class=\"wp-element-caption\">Bus der Feuerwehr Stadt Pforzheim<\/figcaption><\/figure>\n\n\n\n<h3 class=\"wp-block-heading\"><strong>Fazit<\/strong><\/h3>\n\n\n\n<p>Der Fachtag in Pforzheim war ein bereichernder und inspirierender Tag f\u00fcr alle Teilnehmenden der Notfallseelsorge Sigmaringen. Mit vielen neuen Impulsen, Kontakten und Ideen im Gep\u00e4ck ging es am Abend wieder zur\u00fcck in den Landkreis.<\/p>\n\n\n\n<p>Wir danken den <strong>Veranstaltenden des Landesfachtags<\/strong>, der Notfallseelsorge Enzkreis &amp; Stadt Pforzheim f\u00fcr die hervorragende Organisation und allen Mitwirkenden f\u00fcr einen rundum gelungenen Tag.<\/p>\n<div style=\"display:flex; gap:10px;justify-content:center\" class=\"wps-pgfw-pdf-generate-icon__wrapper-frontend\">\n\t\t<a  href=\"https:\/\/nfs-sigmaringen.de?action=genpdf&amp;id=4624\" class=\"pgfw-single-pdf-download-button\" ><img src=\"https:\/\/nfs-sigmaringen.de\/wp-content\/plugins\/pdf-generator-for-wp\/admin\/src\/images\/PDF_Tray.svg\" title=\"Generate PDF\" style=\"width:auto; height:45px;\"><\/a>\n\t\t<\/div>","protected":false},"excerpt":{"rendered":"<p>Am 18. Oktober 2025 fand in Pforzheim der Landesfachtag der Notfallseelsorge Baden-W\u00fcrttemberg statt \u2013 ein wichtiges Forum f\u00fcr alle, die in der psychosozialen Notfallversorgung (PSNV) t\u00e4tig sind. Ausgerichtet wurde der Fachtag von der Notfallseelsorge + Einsatznachsorge Enzkreis und Stadt Pforzheim, die in diesem Jahr ihr 30-j\u00e4hriges Bestehen feiert. Auch die Notfallseelsorge Sigmaringen war mit einem &hellip; <\/p>\n<p class=\"link-more\"><a href=\"https:\/\/nfs-sigmaringen.de\/?p=4624\" class=\"more-link\"><span class=\"screen-reader-text\">\u201eNotfallseelsorge Landesfachtag am 18. Oktober 2025 &#8211; Pforzheim\u201c <\/span>weiterlesen<\/a><\/p>\n","protected":false},"author":10,"featured_media":4625,"comment_status":"closed","ping_status":"closed","sticky":false,"template":"","format":"standard","meta":{"ngg_post_thumbnail":0,"footnotes":""},"categories":[4],"tags":[],"class_list":["post-4624","post","type-post","status-publish","format-standard","has-post-thumbnail","hentry","category-ag-notfallseelsorge"],"_links":{"self":[{"href":"https:\/\/nfs-sigmaringen.de\/index.php?rest_route=\/wp\/v2\/posts\/4624","targetHints":{"allow":["GET"]}}],"collection":[{"href":"https:\/\/nfs-sigmaringen.de\/index.php?rest_route=\/wp\/v2\/posts"}],"about":[{"href":"https:\/\/nfs-sigmaringen.de\/index.php?rest_route=\/wp\/v2\/types\/post"}],"author":[{"embeddable":true,"href":"https:\/\/nfs-sigmaringen.de\/index.php?rest_route=\/wp\/v2\/users\/10"}],"replies":[{"embeddable":true,"href":"https:\/\/nfs-sigmaringen.de\/index.php?rest_route=%2Fwp%2Fv2%2Fcomments&post=4624"}],"version-history":[{"count":2,"href":"https:\/\/nfs-sigmaringen.de\/index.php?rest_route=\/wp\/v2\/posts\/4624\/revisions"}],"predecessor-version":[{"id":4633,"href":"https:\/\/nfs-sigmaringen.de\/index.php?rest_route=\/wp\/v2\/posts\/4624\/revisions\/4633"}],"wp:featuredmedia":[{"embeddable":true,"href":"https:\/\/nfs-sigmaringen.de\/index.php?rest_route=\/wp\/v2\/media\/4625"}],"wp:attachment":[{"href":"https:\/\/nfs-sigmaringen.de\/index.php?rest_route=%2Fwp%2Fv2%2Fmedia&parent=4624"}],"wp:term":[{"taxonomy":"category","embeddable":true,"href":"https:\/\/nfs-sigmaringen.de\/index.php?rest_route=%2Fwp%2Fv2%2Fcategories&post=4624"},{"taxonomy":"post_tag","embeddable":true,"href":"https:\/\/nfs-sigmaringen.de\/index.php?rest_route=%2Fwp%2Fv2%2Ftags&post=4624"}],"curies":[{"name":"wp","href":"https:\/\/api.w.org\/{rel}","templated":true}]}}