{"id":4539,"date":"2025-07-30T20:36:00","date_gmt":"2025-07-30T18:36:00","guid":{"rendered":"https:\/\/nfs-sigmaringen.de\/?p=4539"},"modified":"2025-08-18T15:37:05","modified_gmt":"2025-08-18T13:37:05","slug":"verleihung-bevoelkerungsschutz-einsatzmedaille-hochwasser-2024","status":"publish","type":"post","link":"https:\/\/nfs-sigmaringen.de\/?p=4539","title":{"rendered":"Verleihung Bev\u00f6lkerungsschutz-Einsatzmedaille Hochwasser 2024"},"content":{"rendered":"\n<p>Am 30.07.2025 durften 12 unserer PSNV-KameradInnen an der Ehrungsveranstaltung des Landkreises Sigmaringen teilnehmen. Ihnen wurde feierlich die Bev\u00f6lkerungsschutz-Einsatzmedaille verliehen \u2013 als Anerkennung f\u00fcr ihren engagierten Einsatz beim Hochwasser 2024.<\/p>\n\n\n\n<p>Empfangen wurden sie von Landr\u00e4tin Stefanie B\u00fcrkle, die dankende Worte an alle Einsatzkr\u00e4fte richtete.<\/p>\n\n\n\n<p>Kreisbrandmeister Michael Reitter gab einen eindrucksvollen R\u00fcckblick auf das Hochwasser-Wochenende 2024 \u2013 und betonte, wie wir in dieser Ausnahmesituation Hand in Hand zusammengearbeitet haben.<br \/>Auch Bezirksbrandmeister Siegfried Hollstein lie\u00df es sich nicht nehmen, pers\u00f6nlich zu gratulieren.<\/p>\n\n\n\n<p>Nach der feierlichen \u00dcbergabe wurden wir vom DRK Herbertingen hervorragend verk\u00f6stigt \u2013 ein gro\u00dfes Danke daf\u00fcr!<\/p>\n\n\n\n<figure class=\"wp-block-image size-large\"><img decoding=\"async\" width=\"1024\" height=\"727\" src=\"https:\/\/nfs-sigmaringen.de\/wp-content\/uploads\/2025\/08\/20250730_181221466_ios-1024x727.jpg\" alt=\"\" class=\"wp-image-4544\" srcset=\"https:\/\/nfs-sigmaringen.de\/wp-content\/uploads\/2025\/08\/20250730_181221466_ios-1024x727.jpg 1024w, https:\/\/nfs-sigmaringen.de\/wp-content\/uploads\/2025\/08\/20250730_181221466_ios-300x213.jpg 300w, https:\/\/nfs-sigmaringen.de\/wp-content\/uploads\/2025\/08\/20250730_181221466_ios-768x545.jpg 768w, https:\/\/nfs-sigmaringen.de\/wp-content\/uploads\/2025\/08\/20250730_181221466_ios-1536x1091.jpg 1536w, https:\/\/nfs-sigmaringen.de\/wp-content\/uploads\/2025\/08\/20250730_181221466_ios.jpg 2000w\" sizes=\"(max-width: 767px) 89vw, (max-width: 1000px) 54vw, (max-width: 1071px) 543px, 580px\" \/><figcaption class=\"wp-element-caption\">Ein Teil der geehrten PSNV-Fachkr\u00e4fte<\/figcaption><\/figure>\n\n\n\n<p>Inmitten vieler sch\u00f6ner Gespr\u00e4che ging ein rundum gelungener Abend zu Ende.<br \/>Ein ganz besonderer Dank gilt allen Kameradinnen und Kameraden von Feuerwehr, THW und DRK \u2013 ihr seid unverzichtbar. Wir sind stolz, ein fester Teil der Blaulichtfamilie zu sein.<\/p>\n\n\n\n<p>Besonders gefreut hat uns: Kreisbrandmeister Reitter bezeichnete uns liebevoll und wertsch\u00e4tzend als die \u201e31. Feuerwehr im Landkreis\u201c.<\/p>\n\n\n\n<figure class=\"wp-block-image size-large\"><img decoding=\"async\" width=\"768\" height=\"1024\" src=\"https:\/\/nfs-sigmaringen.de\/wp-content\/uploads\/2025\/08\/20250730_155618669_ios-768x1024.jpg\" alt=\"\" class=\"wp-image-4545\" srcset=\"https:\/\/nfs-sigmaringen.de\/wp-content\/uploads\/2025\/08\/20250730_155618669_ios-768x1024.jpg 768w, https:\/\/nfs-sigmaringen.de\/wp-content\/uploads\/2025\/08\/20250730_155618669_ios-225x300.jpg 225w, https:\/\/nfs-sigmaringen.de\/wp-content\/uploads\/2025\/08\/20250730_155618669_ios-1152x1536.jpg 1152w, https:\/\/nfs-sigmaringen.de\/wp-content\/uploads\/2025\/08\/20250730_155618669_ios.jpg 1500w\" sizes=\"(max-width: 767px) 89vw, (max-width: 1000px) 54vw, (max-width: 1071px) 543px, 580px\" \/><figcaption class=\"wp-element-caption\">Austausch unter KollegInnen<\/figcaption><\/figure>\n\n\n\n<figure class=\"wp-block-image size-large\"><img decoding=\"async\" width=\"1024\" height=\"768\" src=\"https:\/\/nfs-sigmaringen.de\/wp-content\/uploads\/2025\/08\/20250730_165434729_ios-1024x768.jpg\" alt=\"\" class=\"wp-image-4546\" srcset=\"https:\/\/nfs-sigmaringen.de\/wp-content\/uploads\/2025\/08\/20250730_165434729_ios-1024x768.jpg 1024w, https:\/\/nfs-sigmaringen.de\/wp-content\/uploads\/2025\/08\/20250730_165434729_ios-300x225.jpg 300w, https:\/\/nfs-sigmaringen.de\/wp-content\/uploads\/2025\/08\/20250730_165434729_ios-768x576.jpg 768w, https:\/\/nfs-sigmaringen.de\/wp-content\/uploads\/2025\/08\/20250730_165434729_ios-1536x1152.jpg 1536w, https:\/\/nfs-sigmaringen.de\/wp-content\/uploads\/2025\/08\/20250730_165434729_ios.jpg 2000w\" sizes=\"(max-width: 767px) 89vw, (max-width: 1000px) 54vw, (max-width: 1071px) 543px, 580px\" \/><figcaption class=\"wp-element-caption\">Gespr\u00e4che am Rande der Ehrungsfeier<\/figcaption><\/figure>\n\n\n\n<figure class=\"wp-block-image size-large\"><img decoding=\"async\" width=\"1024\" height=\"636\" src=\"https:\/\/nfs-sigmaringen.de\/wp-content\/uploads\/2025\/08\/20250730_164434536_ios-1-1024x636.jpg\" alt=\"\" class=\"wp-image-4547\" srcset=\"https:\/\/nfs-sigmaringen.de\/wp-content\/uploads\/2025\/08\/20250730_164434536_ios-1-1024x636.jpg 1024w, https:\/\/nfs-sigmaringen.de\/wp-content\/uploads\/2025\/08\/20250730_164434536_ios-1-300x186.jpg 300w, https:\/\/nfs-sigmaringen.de\/wp-content\/uploads\/2025\/08\/20250730_164434536_ios-1-768x477.jpg 768w, https:\/\/nfs-sigmaringen.de\/wp-content\/uploads\/2025\/08\/20250730_164434536_ios-1-1536x954.jpg 1536w, https:\/\/nfs-sigmaringen.de\/wp-content\/uploads\/2025\/08\/20250730_164434536_ios-1.jpg 2000w\" sizes=\"(max-width: 767px) 89vw, (max-width: 1000px) 54vw, (max-width: 1071px) 543px, 580px\" \/><figcaption class=\"wp-element-caption\">Winfried Fritz nimmt stellvertretend f\u00fcr die PSNV Sigmaringen die Bev\u00f6lkerungsschutz-Einsatzmedaille entgegen<\/figcaption><\/figure>\n<div style=\"display:flex; gap:10px;justify-content:center\" class=\"wps-pgfw-pdf-generate-icon__wrapper-frontend\">\n\t\t<a  href=\"https:\/\/nfs-sigmaringen.de?action=genpdf&amp;id=4539\" class=\"pgfw-single-pdf-download-button\" ><img src=\"https:\/\/nfs-sigmaringen.de\/wp-content\/plugins\/pdf-generator-for-wp\/admin\/src\/images\/PDF_Tray.svg\" title=\"Generate PDF\" style=\"width:auto; height:45px;\"><\/a>\n\t\t<\/div>","protected":false},"excerpt":{"rendered":"<p>Am 30.07.2025 durften 12 unserer PSNV-KameradInnen an der Ehrungsveranstaltung des Landkreises Sigmaringen teilnehmen. Ihnen wurde feierlich die Bev\u00f6lkerungsschutz-Einsatzmedaille verliehen \u2013 als Anerkennung f\u00fcr ihren engagierten Einsatz beim Hochwasser 2024. Empfangen wurden sie von Landr\u00e4tin Stefanie B\u00fcrkle, die dankende Worte an alle Einsatzkr\u00e4fte richtete. Kreisbrandmeister Michael Reitter gab einen eindrucksvollen R\u00fcckblick auf das Hochwasser-Wochenende 2024 \u2013 &hellip; <\/p>\n<p class=\"link-more\"><a href=\"https:\/\/nfs-sigmaringen.de\/?p=4539\" class=\"more-link\"><span class=\"screen-reader-text\">\u201eVerleihung Bev\u00f6lkerungsschutz-Einsatzmedaille Hochwasser 2024\u201c <\/span>weiterlesen<\/a><\/p>\n","protected":false},"author":1,"featured_media":4541,"comment_status":"closed","ping_status":"closed","sticky":false,"template":"","format":"standard","meta":{"ngg_post_thumbnail":0,"footnotes":""},"categories":[4],"tags":[],"class_list":["post-4539","post","type-post","status-publish","format-standard","has-post-thumbnail","hentry","category-ag-notfallseelsorge"],"_links":{"self":[{"href":"https:\/\/nfs-sigmaringen.de\/index.php?rest_route=\/wp\/v2\/posts\/4539","targetHints":{"allow":["GET"]}}],"collection":[{"href":"https:\/\/nfs-sigmaringen.de\/index.php?rest_route=\/wp\/v2\/posts"}],"about":[{"href":"https:\/\/nfs-sigmaringen.de\/index.php?rest_route=\/wp\/v2\/types\/post"}],"author":[{"embeddable":true,"href":"https:\/\/nfs-sigmaringen.de\/index.php?rest_route=\/wp\/v2\/users\/1"}],"replies":[{"embeddable":true,"href":"https:\/\/nfs-sigmaringen.de\/index.php?rest_route=%2Fwp%2Fv2%2Fcomments&post=4539"}],"version-history":[{"count":4,"href":"https:\/\/nfs-sigmaringen.de\/index.php?rest_route=\/wp\/v2\/posts\/4539\/revisions"}],"predecessor-version":[{"id":4549,"href":"https:\/\/nfs-sigmaringen.de\/index.php?rest_route=\/wp\/v2\/posts\/4539\/revisions\/4549"}],"wp:featuredmedia":[{"embeddable":true,"href":"https:\/\/nfs-sigmaringen.de\/index.php?rest_route=\/wp\/v2\/media\/4541"}],"wp:attachment":[{"href":"https:\/\/nfs-sigmaringen.de\/index.php?rest_route=%2Fwp%2Fv2%2Fmedia&parent=4539"}],"wp:term":[{"taxonomy":"category","embeddable":true,"href":"https:\/\/nfs-sigmaringen.de\/index.php?rest_route=%2Fwp%2Fv2%2Fcategories&post=4539"},{"taxonomy":"post_tag","embeddable":true,"href":"https:\/\/nfs-sigmaringen.de\/index.php?rest_route=%2Fwp%2Fv2%2Ftags&post=4539"}],"curies":[{"name":"wp","href":"https:\/\/api.w.org\/{rel}","templated":true}]}}