{"id":4478,"date":"2025-07-10T18:00:00","date_gmt":"2025-07-10T16:00:00","guid":{"rendered":"https:\/\/nfs-sigmaringen.de\/?p=4478"},"modified":"2025-07-16T21:14:05","modified_gmt":"2025-07-16T19:14:05","slug":"sektionsversammlung-mit-einblick-in-die-klinik-psnv-b-zu-gast-in-zna-und-intensivstation-des-srh-klinikums-in-sigmaringen","status":"publish","type":"post","link":"https:\/\/nfs-sigmaringen.de\/?p=4478","title":{"rendered":"Sektionsversammlung mit Einblick in die Klinik \u2013 PSNV-B zu Gast in ZNA und Intensivstation des SRH Klinikums in Sigmaringen"},"content":{"rendered":"\n<p>Am Donnerstagabend, 10. Juli 2025, fand die diesj\u00e4hrige Sektionsversammlung der PSNV-B statt \u2013 mit einem inhaltlich erweiterten und besonders bereichernden Programm. Neben den regul\u00e4ren organisatorischen Tagesordnungspunkten konnten wir einen intensiven und praxisnahen Einblick in zentrale Bereiche des Klinikums gewinnen.<\/p>\n\n\n\n<p><strong>Zentrale Notaufnahme und Intensivstation im Fokus<\/strong><\/p>\n\n\n\n<figure class=\"wp-block-image size-large\"><img decoding=\"async\" width=\"768\" height=\"1024\" src=\"https:\/\/nfs-sigmaringen.de\/wp-content\/uploads\/2025\/07\/20250710_171840562_iOS-768x1024.jpg\" alt=\"\" class=\"wp-image-4479\" srcset=\"https:\/\/nfs-sigmaringen.de\/wp-content\/uploads\/2025\/07\/20250710_171840562_iOS-768x1024.jpg 768w, https:\/\/nfs-sigmaringen.de\/wp-content\/uploads\/2025\/07\/20250710_171840562_iOS-225x300.jpg 225w, https:\/\/nfs-sigmaringen.de\/wp-content\/uploads\/2025\/07\/20250710_171840562_iOS-1152x1536.jpg 1152w, https:\/\/nfs-sigmaringen.de\/wp-content\/uploads\/2025\/07\/20250710_171840562_iOS-1536x2048.jpg 1536w, https:\/\/nfs-sigmaringen.de\/wp-content\/uploads\/2025\/07\/20250710_171840562_iOS-scaled.jpg 1920w\" sizes=\"(max-width: 767px) 89vw, (max-width: 1000px) 54vw, (max-width: 1071px) 543px, 580px\" \/><figcaption class=\"wp-element-caption\">Dr. Martin Mauch (li.) erkl\u00e4rt den Ablauf in einem Behandlungszimmer der Notaufnahme<\/figcaption><\/figure>\n\n\n\n<p>Dank der freundlichen Einladung durch die Chef\u00e4rzte Dr. Martin Mauch (Zentrale Notaufnahme) und Prof. Werner Klinger (Intensivstation) hatten die Teilnehmenden der Versammlung die Gelegenheit, sich direkt vor Ort ein Bild von der Arbeit auf zwei entscheidenden Stationen des Krankenhauses zu machen. Die Zentrale Notaufnahme sowie die Intensivstation sind in Ausnahmesituationen \u2013 sowohl f\u00fcr Patientinnen und Patienten als auch f\u00fcr Einsatzkr\u00e4fte \u2013 h\u00e4ufig zentrale Schnittstellen, an denen sich die Wege der psychosozialen Notfallversorgung (PSNV) mit der klinischen Akut- und Intensivmedizin kreuzen.<\/p>\n\n\n\n<figure class=\"wp-block-image size-large\"><img decoding=\"async\" width=\"768\" height=\"1024\" src=\"https:\/\/nfs-sigmaringen.de\/wp-content\/uploads\/2025\/07\/20250710_171849592_iOS-768x1024.jpg\" alt=\"\" class=\"wp-image-4480\" srcset=\"https:\/\/nfs-sigmaringen.de\/wp-content\/uploads\/2025\/07\/20250710_171849592_iOS-768x1024.jpg 768w, https:\/\/nfs-sigmaringen.de\/wp-content\/uploads\/2025\/07\/20250710_171849592_iOS-225x300.jpg 225w, https:\/\/nfs-sigmaringen.de\/wp-content\/uploads\/2025\/07\/20250710_171849592_iOS-1152x1536.jpg 1152w, https:\/\/nfs-sigmaringen.de\/wp-content\/uploads\/2025\/07\/20250710_171849592_iOS-1536x2048.jpg 1536w, https:\/\/nfs-sigmaringen.de\/wp-content\/uploads\/2025\/07\/20250710_171849592_iOS-scaled.jpg 1920w\" sizes=\"(max-width: 767px) 89vw, (max-width: 1000px) 54vw, (max-width: 1071px) 543px, 580px\" \/><figcaption class=\"wp-element-caption\">Die Kolleginnen und Kollegen der PSNV lauschten gespannt zu.<\/figcaption><\/figure>\n\n\n\n<p>Im Rahmen einer F\u00fchrung und eines informativen Austauschs konnten wir nicht nur die r\u00e4umlichen und organisatorischen Abl\u00e4ufe kennenlernen, sondern auch in das interdisziplin\u00e4re Arbeiten und die besonderen Herausforderungen dieser Bereiche eintauchen. Dabei wurde einmal mehr deutlich, wie wichtig ein gegenseitiges Verst\u00e4ndnis f\u00fcr die jeweiligen Arbeitsrealit\u00e4ten ist \u2013 insbesondere in belastenden Einsatzlagen. Pers\u00f6nliche Kontakte, wie sie an diesem Abend gekn\u00fcpft wurden, schaffen Vertrauen und bilden eine wertvolle Grundlage f\u00fcr die Zusammenarbeit im Ernstfall. Denn: <strong>Krisen kennen K\u00f6pfe.<\/strong><\/p>\n\n\n\n<figure class=\"wp-block-image size-large\"><img decoding=\"async\" width=\"768\" height=\"1024\" src=\"https:\/\/nfs-sigmaringen.de\/wp-content\/uploads\/2025\/07\/20250710_172753647_iOS-768x1024.jpg\" alt=\"\" class=\"wp-image-4481\" srcset=\"https:\/\/nfs-sigmaringen.de\/wp-content\/uploads\/2025\/07\/20250710_172753647_iOS-768x1024.jpg 768w, https:\/\/nfs-sigmaringen.de\/wp-content\/uploads\/2025\/07\/20250710_172753647_iOS-225x300.jpg 225w, https:\/\/nfs-sigmaringen.de\/wp-content\/uploads\/2025\/07\/20250710_172753647_iOS-1152x1536.jpg 1152w, https:\/\/nfs-sigmaringen.de\/wp-content\/uploads\/2025\/07\/20250710_172753647_iOS-1536x2048.jpg 1536w, https:\/\/nfs-sigmaringen.de\/wp-content\/uploads\/2025\/07\/20250710_172753647_iOS-scaled.jpg 1920w\" sizes=\"(max-width: 767px) 89vw, (max-width: 1000px) 54vw, (max-width: 1071px) 543px, 580px\" \/><\/figure>\n\n\n\n<p><strong>Organisatorische Themen und Ausklang in kollegialer Runde<\/strong><\/p>\n\n\n\n<p>Im Anschluss an den klinischen Teil der Versammlung widmeten wir uns in bew\u00e4hrter Runde weiteren Themen der Sektionsarbeit, darunter aktuelle Entwicklungen im Bereich Ausstattung und anstehende Termine. Auch hier zeigte sich einmal mehr das gro\u00dfe Engagement und die enge Verbundenheit innerhalb unserer Sektion.<\/p>\n\n\n\n<figure class=\"wp-block-image size-large\"><img decoding=\"async\" width=\"768\" height=\"1024\" src=\"https:\/\/nfs-sigmaringen.de\/wp-content\/uploads\/2025\/07\/20250710_181545786_iOS-768x1024.jpg\" alt=\"\" class=\"wp-image-4483\" srcset=\"https:\/\/nfs-sigmaringen.de\/wp-content\/uploads\/2025\/07\/20250710_181545786_iOS-768x1024.jpg 768w, https:\/\/nfs-sigmaringen.de\/wp-content\/uploads\/2025\/07\/20250710_181545786_iOS-225x300.jpg 225w, https:\/\/nfs-sigmaringen.de\/wp-content\/uploads\/2025\/07\/20250710_181545786_iOS-1152x1536.jpg 1152w, https:\/\/nfs-sigmaringen.de\/wp-content\/uploads\/2025\/07\/20250710_181545786_iOS-1536x2048.jpg 1536w, https:\/\/nfs-sigmaringen.de\/wp-content\/uploads\/2025\/07\/20250710_181545786_iOS-scaled.jpg 1920w\" sizes=\"(max-width: 767px) 89vw, (max-width: 1000px) 54vw, (max-width: 1071px) 543px, 580px\" \/><figcaption class=\"wp-element-caption\">v. li. n. re. Winfried Fritz, Pfr. Edwin M\u00fcller &amp; Dr. Martin Mauch.<\/figcaption><\/figure>\n\n\n\n<p>Abgerundet wurde der Abend durch ein gem\u00fctliches Beisammensein im Brauwerk in Sigmaringen. In ungezwungener Atmosph\u00e4re blieb Zeit f\u00fcr pers\u00f6nlichen Austausch, das Pflegen kollegialer Beziehungen und das gemeinsame Nachklingenlassen der vielf\u00e4ltigen Eindr\u00fccke.<\/p>\n\n\n\n<p><strong>Unser Fazit: Ein rundum gelungener Abend<\/strong><\/p>\n\n\n\n<p>Die diesj\u00e4hrige Sektionsversammlung hat eindrucksvoll gezeigt, wie wertvoll der Blick \u00fcber den eigenen Arbeitsbereich hinaus ist. Der direkte Kontakt zu den Kolleginnen und Kollegen im Krankenhaus erweitert das Verst\u00e4ndnis f\u00fcreinander, vertieft die Zusammenarbeit und st\u00e4rkt die gemeinsame Basis f\u00fcr k\u00fcnftige Eins\u00e4tze.<\/p>\n\n\n\n<p>Wir danken allen Beteiligten \u2013 insbesondere Dr. Mauch und Prof. Klinger \u2013 herzlich f\u00fcr ihre Offenheit, die spannenden Einblicke und ihre Zeit. Solche Abende tragen wesentlich zur Qualit\u00e4t unserer Arbeit bei.<\/p>\n<div style=\"display:flex; gap:10px;justify-content:center\" class=\"wps-pgfw-pdf-generate-icon__wrapper-frontend\">\n\t\t<a  href=\"https:\/\/nfs-sigmaringen.de?action=genpdf&amp;id=4478\" class=\"pgfw-single-pdf-download-button\" ><img src=\"https:\/\/nfs-sigmaringen.de\/wp-content\/plugins\/pdf-generator-for-wp\/admin\/src\/images\/PDF_Tray.svg\" title=\"Generate PDF\" style=\"width:auto; height:45px;\"><\/a>\n\t\t<\/div>","protected":false},"excerpt":{"rendered":"<p>Am Donnerstagabend, 10. Juli 2025, fand die diesj\u00e4hrige Sektionsversammlung der PSNV-B statt \u2013 mit einem inhaltlich erweiterten und besonders bereichernden Programm. Neben den regul\u00e4ren organisatorischen Tagesordnungspunkten konnten wir einen intensiven und praxisnahen Einblick in zentrale Bereiche des Klinikums gewinnen. Zentrale Notaufnahme und Intensivstation im Fokus Dank der freundlichen Einladung durch die Chef\u00e4rzte Dr. Martin Mauch &hellip; <\/p>\n<p class=\"link-more\"><a href=\"https:\/\/nfs-sigmaringen.de\/?p=4478\" class=\"more-link\"><span class=\"screen-reader-text\">\u201eSektionsversammlung mit Einblick in die Klinik \u2013 PSNV-B zu Gast in ZNA und Intensivstation des SRH Klinikums in Sigmaringen\u201c <\/span>weiterlesen<\/a><\/p>\n","protected":false},"author":10,"featured_media":4485,"comment_status":"closed","ping_status":"closed","sticky":false,"template":"","format":"standard","meta":{"ngg_post_thumbnail":0,"footnotes":""},"categories":[4,6],"tags":[],"class_list":["post-4478","post","type-post","status-publish","format-standard","has-post-thumbnail","hentry","category-ag-notfallseelsorge","category-notfallseelsorge"],"_links":{"self":[{"href":"https:\/\/nfs-sigmaringen.de\/index.php?rest_route=\/wp\/v2\/posts\/4478","targetHints":{"allow":["GET"]}}],"collection":[{"href":"https:\/\/nfs-sigmaringen.de\/index.php?rest_route=\/wp\/v2\/posts"}],"about":[{"href":"https:\/\/nfs-sigmaringen.de\/index.php?rest_route=\/wp\/v2\/types\/post"}],"author":[{"embeddable":true,"href":"https:\/\/nfs-sigmaringen.de\/index.php?rest_route=\/wp\/v2\/users\/10"}],"replies":[{"embeddable":true,"href":"https:\/\/nfs-sigmaringen.de\/index.php?rest_route=%2Fwp%2Fv2%2Fcomments&post=4478"}],"version-history":[{"count":1,"href":"https:\/\/nfs-sigmaringen.de\/index.php?rest_route=\/wp\/v2\/posts\/4478\/revisions"}],"predecessor-version":[{"id":4486,"href":"https:\/\/nfs-sigmaringen.de\/index.php?rest_route=\/wp\/v2\/posts\/4478\/revisions\/4486"}],"wp:featuredmedia":[{"embeddable":true,"href":"https:\/\/nfs-sigmaringen.de\/index.php?rest_route=\/wp\/v2\/media\/4485"}],"wp:attachment":[{"href":"https:\/\/nfs-sigmaringen.de\/index.php?rest_route=%2Fwp%2Fv2%2Fmedia&parent=4478"}],"wp:term":[{"taxonomy":"category","embeddable":true,"href":"https:\/\/nfs-sigmaringen.de\/index.php?rest_route=%2Fwp%2Fv2%2Fcategories&post=4478"},{"taxonomy":"post_tag","embeddable":true,"href":"https:\/\/nfs-sigmaringen.de\/index.php?rest_route=%2Fwp%2Fv2%2Ftags&post=4478"}],"curies":[{"name":"wp","href":"https:\/\/api.w.org\/{rel}","templated":true}]}}