{"id":4424,"date":"2025-06-09T21:17:42","date_gmt":"2025-06-09T19:17:42","guid":{"rendered":"https:\/\/nfs-sigmaringen.de\/?p=4424"},"modified":"2025-06-09T21:17:42","modified_gmt":"2025-06-09T19:17:42","slug":"konferenz-der-verantwortlichen-fuer-die-notfallseelsorge-in-baden-wuerttemberg","status":"publish","type":"post","link":"https:\/\/nfs-sigmaringen.de\/?p=4424","title":{"rendered":"Konferenz der Verantwortlichen f\u00fcr die Notfallseelsorge in Baden-W\u00fcrttemberg\u00a0\u00a0"},"content":{"rendered":"\n<p>Am 2. und 3. Juni 2025 fand in der Evangelischen Akademie in Bad Boll die Leitungskonferenz der Notfallseelsorgesystem in Baden-W\u00fcrttemberg statt. Verantwortliche und F\u00fchrungskr\u00e4fte der Notfallseelsorge (NFS) aus den Landeskirchen in Baden und W\u00fcrttemberg sowie den Di\u00f6zesen Rottenburg-Stuttgart und Freiburg trafen sich, um aktuelle Entwicklungen zu besprechen, Erfahrungen auszutauschen.&nbsp;&nbsp;<\/p>\n\n\n\n<p>Die Frage der Einbindung der Kirchen und damit auch der NFS in den Zivilschutz, die Arbeit des Kriminaldauerdienstes und die Unterst\u00fctzungsm\u00f6glichkeiten der Diakonie Katastrophenhilfe haben uns gezeigt, welch gro\u00dfe Herausforderungen vor uns liegen. Eines scheint gewiss: einfache Antworten zu all diesen Themen gibt es nicht.&nbsp;<\/p>\n\n\n\n<p>Die Konferenz diente nicht nur dem Austausch \u00fcber aktuelle Themen, sondern auch der Planung zuk\u00fcnftiger Schritte. Zentrale Anliegen waren die Weiterentwicklung der Ausbildungskonzepte und die Finanzierung der Systeme, um den Anforderungen einer sich wandelnden Einsatzlandschaft gerecht zu werden. Zudem wurde die Bedeutung der Vernetzung auf regionaler und \u00fcberregionaler Ebene betont, um eine schnelle und effektive Hilfeleistung in Krisensituationen zu gew\u00e4hrleisten.&nbsp;<\/p>\n\n\n\n<figure class=\"wp-block-image size-large\"><img decoding=\"async\" width=\"1024\" height=\"755\" src=\"https:\/\/nfs-sigmaringen.de\/wp-content\/uploads\/2025\/06\/Leitungskonferenz-BW-2025-2-1024x755.jpg\" alt=\"\" class=\"wp-image-4427\" srcset=\"https:\/\/nfs-sigmaringen.de\/wp-content\/uploads\/2025\/06\/Leitungskonferenz-BW-2025-2-1024x755.jpg 1024w, https:\/\/nfs-sigmaringen.de\/wp-content\/uploads\/2025\/06\/Leitungskonferenz-BW-2025-2-300x221.jpg 300w, https:\/\/nfs-sigmaringen.de\/wp-content\/uploads\/2025\/06\/Leitungskonferenz-BW-2025-2-768x566.jpg 768w, https:\/\/nfs-sigmaringen.de\/wp-content\/uploads\/2025\/06\/Leitungskonferenz-BW-2025-2-1536x1133.jpg 1536w, https:\/\/nfs-sigmaringen.de\/wp-content\/uploads\/2025\/06\/Leitungskonferenz-BW-2025-2-2048x1510.jpg 2048w\" sizes=\"(max-width: 767px) 89vw, (max-width: 1000px) 54vw, (max-width: 1071px) 543px, 580px\" \/><figcaption class=\"wp-element-caption\">Ev. Akademie Bad Boll &#8211; Leitungskonferenz der Notfallseelsorgesysteme<\/figcaption><\/figure>\n\n\n\n<p><\/p>\n<div style=\"display:flex; gap:10px;justify-content:center\" class=\"wps-pgfw-pdf-generate-icon__wrapper-frontend\">\n\t\t<a  href=\"https:\/\/nfs-sigmaringen.de?action=genpdf&amp;id=4424\" class=\"pgfw-single-pdf-download-button\" ><img src=\"https:\/\/nfs-sigmaringen.de\/wp-content\/plugins\/pdf-generator-for-wp\/admin\/src\/images\/PDF_Tray.svg\" title=\"Generate PDF\" style=\"width:auto; height:45px;\"><\/a>\n\t\t<\/div>","protected":false},"excerpt":{"rendered":"<p>Am 2. und 3. Juni 2025 fand in der Evangelischen Akademie in Bad Boll die Leitungskonferenz der Notfallseelsorgesystem in Baden-W\u00fcrttemberg statt. Verantwortliche und F\u00fchrungskr\u00e4fte der Notfallseelsorge (NFS) aus den Landeskirchen in Baden und W\u00fcrttemberg sowie den Di\u00f6zesen Rottenburg-Stuttgart und Freiburg trafen sich, um aktuelle Entwicklungen zu besprechen, Erfahrungen auszutauschen.&nbsp;&nbsp; Die Frage der Einbindung der Kirchen &hellip; <\/p>\n<p class=\"link-more\"><a href=\"https:\/\/nfs-sigmaringen.de\/?p=4424\" class=\"more-link\"><span class=\"screen-reader-text\">\u201eKonferenz der Verantwortlichen f\u00fcr die Notfallseelsorge in Baden-W\u00fcrttemberg\u00a0\u00a0\u201c <\/span>weiterlesen<\/a><\/p>\n","protected":false},"author":4,"featured_media":4425,"comment_status":"closed","ping_status":"closed","sticky":false,"template":"","format":"standard","meta":{"ngg_post_thumbnail":0,"footnotes":""},"categories":[4],"tags":[],"class_list":["post-4424","post","type-post","status-publish","format-standard","has-post-thumbnail","hentry","category-ag-notfallseelsorge"],"_links":{"self":[{"href":"https:\/\/nfs-sigmaringen.de\/index.php?rest_route=\/wp\/v2\/posts\/4424","targetHints":{"allow":["GET"]}}],"collection":[{"href":"https:\/\/nfs-sigmaringen.de\/index.php?rest_route=\/wp\/v2\/posts"}],"about":[{"href":"https:\/\/nfs-sigmaringen.de\/index.php?rest_route=\/wp\/v2\/types\/post"}],"author":[{"embeddable":true,"href":"https:\/\/nfs-sigmaringen.de\/index.php?rest_route=\/wp\/v2\/users\/4"}],"replies":[{"embeddable":true,"href":"https:\/\/nfs-sigmaringen.de\/index.php?rest_route=%2Fwp%2Fv2%2Fcomments&post=4424"}],"version-history":[{"count":1,"href":"https:\/\/nfs-sigmaringen.de\/index.php?rest_route=\/wp\/v2\/posts\/4424\/revisions"}],"predecessor-version":[{"id":4428,"href":"https:\/\/nfs-sigmaringen.de\/index.php?rest_route=\/wp\/v2\/posts\/4424\/revisions\/4428"}],"wp:featuredmedia":[{"embeddable":true,"href":"https:\/\/nfs-sigmaringen.de\/index.php?rest_route=\/wp\/v2\/media\/4425"}],"wp:attachment":[{"href":"https:\/\/nfs-sigmaringen.de\/index.php?rest_route=%2Fwp%2Fv2%2Fmedia&parent=4424"}],"wp:term":[{"taxonomy":"category","embeddable":true,"href":"https:\/\/nfs-sigmaringen.de\/index.php?rest_route=%2Fwp%2Fv2%2Fcategories&post=4424"},{"taxonomy":"post_tag","embeddable":true,"href":"https:\/\/nfs-sigmaringen.de\/index.php?rest_route=%2Fwp%2Fv2%2Ftags&post=4424"}],"curies":[{"name":"wp","href":"https:\/\/api.w.org\/{rel}","templated":true}]}}