{"id":4406,"date":"2025-05-29T11:24:07","date_gmt":"2025-05-29T09:24:07","guid":{"rendered":"https:\/\/nfs-sigmaringen.de\/?p=4406"},"modified":"2025-05-29T11:24:07","modified_gmt":"2025-05-29T09:24:07","slug":"als-fachberater-psnv-im-fuehrungsstab","status":"publish","type":"post","link":"https:\/\/nfs-sigmaringen.de\/?p=4406","title":{"rendered":"Als Fachberater PSNV im F\u00fchrungsstab"},"content":{"rendered":"\n<p>Damit wir im Einsatzfall im F\u00fchrungsstab unsere Funktion als FacheraterIn PSNV qualifiziert wahrnehmen k\u00f6nnen, nehmen unsere Mitglieder der PSNV-F\u00fchrungsgruppe abwechselnd an \u00dcbungen und Ausbildungsabenden der Stabsgruppen teil.<br>Gestern \u00fcbte die Stabsgruppe Ost des Landkreises Sigmaringen in den R\u00e4umlichkeiten der Feuerwehr Bad Saulgau. <\/p>\n\n\n\n<figure class=\"wp-block-image size-large\"><img decoding=\"async\" width=\"1024\" height=\"887\" src=\"https:\/\/nfs-sigmaringen.de\/wp-content\/uploads\/2025\/05\/74741f58-daeb-4be9-90c3-944f637cfd1c-1-1024x887.jpg\" class=\"wp-image-4408\" srcset=\"https:\/\/nfs-sigmaringen.de\/wp-content\/uploads\/2025\/05\/74741f58-daeb-4be9-90c3-944f637cfd1c-1-1024x887.jpg 1024w, https:\/\/nfs-sigmaringen.de\/wp-content\/uploads\/2025\/05\/74741f58-daeb-4be9-90c3-944f637cfd1c-1-300x260.jpg 300w, https:\/\/nfs-sigmaringen.de\/wp-content\/uploads\/2025\/05\/74741f58-daeb-4be9-90c3-944f637cfd1c-1-768x665.jpg 768w, https:\/\/nfs-sigmaringen.de\/wp-content\/uploads\/2025\/05\/74741f58-daeb-4be9-90c3-944f637cfd1c-1-1536x1330.jpg 1536w, https:\/\/nfs-sigmaringen.de\/wp-content\/uploads\/2025\/05\/74741f58-daeb-4be9-90c3-944f637cfd1c-1.jpg 2000w\" sizes=\"(max-width: 767px) 89vw, (max-width: 1000px) 54vw, (max-width: 1071px) 543px, 580px\" \/><figcaption class=\"wp-element-caption\">Fachberater PSNV bei der \u00dcbung<\/figcaption><\/figure>\n\n\n\n<figure class=\"wp-block-image size-large\"><img decoding=\"async\" width=\"887\" height=\"1024\" src=\"https:\/\/nfs-sigmaringen.de\/wp-content\/uploads\/2025\/05\/img_1291-1-887x1024.jpg\" class=\"wp-image-4409\" srcset=\"https:\/\/nfs-sigmaringen.de\/wp-content\/uploads\/2025\/05\/img_1291-1-887x1024.jpg 887w, https:\/\/nfs-sigmaringen.de\/wp-content\/uploads\/2025\/05\/img_1291-1-260x300.jpg 260w, https:\/\/nfs-sigmaringen.de\/wp-content\/uploads\/2025\/05\/img_1291-1-768x887.jpg 768w, https:\/\/nfs-sigmaringen.de\/wp-content\/uploads\/2025\/05\/img_1291-1-1330x1536.jpg 1330w, https:\/\/nfs-sigmaringen.de\/wp-content\/uploads\/2025\/05\/img_1291-1.jpg 1692w\" sizes=\"(max-width: 767px) 89vw, (max-width: 1000px) 54vw, (max-width: 1071px) 543px, 580px\" \/><figcaption class=\"wp-element-caption\">Wenn der F\u00fchrungsstab aufgerufen wird\u2026<\/figcaption><\/figure>\n<div style=\"display:flex; gap:10px;justify-content:center\" class=\"wps-pgfw-pdf-generate-icon__wrapper-frontend\">\n\t\t<a  href=\"https:\/\/nfs-sigmaringen.de?action=genpdf&amp;id=4406\" class=\"pgfw-single-pdf-download-button\" ><img src=\"https:\/\/nfs-sigmaringen.de\/wp-content\/plugins\/pdf-generator-for-wp\/admin\/src\/images\/PDF_Tray.svg\" title=\"Generate PDF\" style=\"width:auto; height:45px;\"><\/a>\n\t\t<\/div>","protected":false},"excerpt":{"rendered":"<p>Damit wir im Einsatzfall im F\u00fchrungsstab unsere Funktion als FacheraterIn PSNV qualifiziert wahrnehmen k\u00f6nnen, nehmen unsere Mitglieder der PSNV-F\u00fchrungsgruppe abwechselnd an \u00dcbungen und Ausbildungsabenden der Stabsgruppen teil.Gestern \u00fcbte die Stabsgruppe Ost des Landkreises Sigmaringen in den R\u00e4umlichkeiten der Feuerwehr Bad Saulgau.<\/p>\n","protected":false},"author":1,"featured_media":4410,"comment_status":"closed","ping_status":"closed","sticky":false,"template":"","format":"standard","meta":{"ngg_post_thumbnail":0,"footnotes":""},"categories":[4,6,5],"tags":[],"class_list":["post-4406","post","type-post","status-publish","format-standard","has-post-thumbnail","hentry","category-ag-notfallseelsorge","category-notfallseelsorge","category-sbe-team"],"_links":{"self":[{"href":"https:\/\/nfs-sigmaringen.de\/index.php?rest_route=\/wp\/v2\/posts\/4406","targetHints":{"allow":["GET"]}}],"collection":[{"href":"https:\/\/nfs-sigmaringen.de\/index.php?rest_route=\/wp\/v2\/posts"}],"about":[{"href":"https:\/\/nfs-sigmaringen.de\/index.php?rest_route=\/wp\/v2\/types\/post"}],"author":[{"embeddable":true,"href":"https:\/\/nfs-sigmaringen.de\/index.php?rest_route=\/wp\/v2\/users\/1"}],"replies":[{"embeddable":true,"href":"https:\/\/nfs-sigmaringen.de\/index.php?rest_route=%2Fwp%2Fv2%2Fcomments&post=4406"}],"version-history":[{"count":2,"href":"https:\/\/nfs-sigmaringen.de\/index.php?rest_route=\/wp\/v2\/posts\/4406\/revisions"}],"predecessor-version":[{"id":4411,"href":"https:\/\/nfs-sigmaringen.de\/index.php?rest_route=\/wp\/v2\/posts\/4406\/revisions\/4411"}],"wp:featuredmedia":[{"embeddable":true,"href":"https:\/\/nfs-sigmaringen.de\/index.php?rest_route=\/wp\/v2\/media\/4410"}],"wp:attachment":[{"href":"https:\/\/nfs-sigmaringen.de\/index.php?rest_route=%2Fwp%2Fv2%2Fmedia&parent=4406"}],"wp:term":[{"taxonomy":"category","embeddable":true,"href":"https:\/\/nfs-sigmaringen.de\/index.php?rest_route=%2Fwp%2Fv2%2Fcategories&post=4406"},{"taxonomy":"post_tag","embeddable":true,"href":"https:\/\/nfs-sigmaringen.de\/index.php?rest_route=%2Fwp%2Fv2%2Ftags&post=4406"}],"curies":[{"name":"wp","href":"https:\/\/api.w.org\/{rel}","templated":true}]}}