{"id":4068,"date":"2025-01-12T10:00:00","date_gmt":"2025-01-12T09:00:00","guid":{"rendered":"https:\/\/nfs-sigmaringen.de\/?p=4068"},"modified":"2025-01-12T20:15:08","modified_gmt":"2025-01-12T19:15:08","slug":"neujahrsfruehstueck-der-ag-notfallseelsorge-im-landkreis-sigmaringen","status":"publish","type":"post","link":"https:\/\/nfs-sigmaringen.de\/?p=4068","title":{"rendered":"Neujahrsfr\u00fchst\u00fcck der AG Notfallseelsorge im Landkreis Sigmaringen"},"content":{"rendered":"\n<p>Am Sonntag, den 12. Januar 2025, fand das traditionelle Neujahrsfr\u00fchst\u00fcck der Arbeitsgemeinschaft Notfallseelsorge im Landkreis Sigmaringen statt. <\/p>\n\n\n\n<p>Alle Mitglieder sowie deren Familien, Partner und G\u00f6nner waren herzlich eingeladen, um gemeinsam das neue Jahr einzul\u00e4uten.<\/p>\n\n\n\n<figure class=\"wp-block-image size-large\"><img decoding=\"async\" width=\"1024\" height=\"828\" src=\"https:\/\/nfs-sigmaringen.de\/wp-content\/uploads\/2025\/01\/IMG_9716-2-1024x828.jpeg\" alt=\"\" class=\"wp-image-4071\" srcset=\"https:\/\/nfs-sigmaringen.de\/wp-content\/uploads\/2025\/01\/IMG_9716-2-1024x828.jpeg 1024w, https:\/\/nfs-sigmaringen.de\/wp-content\/uploads\/2025\/01\/IMG_9716-2-300x242.jpeg 300w, https:\/\/nfs-sigmaringen.de\/wp-content\/uploads\/2025\/01\/IMG_9716-2-768x621.jpeg 768w, https:\/\/nfs-sigmaringen.de\/wp-content\/uploads\/2025\/01\/IMG_9716-2-1536x1242.jpeg 1536w, https:\/\/nfs-sigmaringen.de\/wp-content\/uploads\/2025\/01\/IMG_9716-2.jpeg 1972w\" sizes=\"(max-width: 767px) 89vw, (max-width: 1000px) 54vw, (max-width: 1071px) 543px, 580px\" \/><\/figure>\n\n\n\n<figure class=\"wp-block-image size-large\"><img decoding=\"async\" width=\"973\" height=\"1024\" src=\"https:\/\/nfs-sigmaringen.de\/wp-content\/uploads\/2025\/01\/IMG_9699-973x1024.jpeg\" alt=\"\" class=\"wp-image-4073\" srcset=\"https:\/\/nfs-sigmaringen.de\/wp-content\/uploads\/2025\/01\/IMG_9699-973x1024.jpeg 973w, https:\/\/nfs-sigmaringen.de\/wp-content\/uploads\/2025\/01\/IMG_9699-285x300.jpeg 285w, https:\/\/nfs-sigmaringen.de\/wp-content\/uploads\/2025\/01\/IMG_9699-768x808.jpeg 768w, https:\/\/nfs-sigmaringen.de\/wp-content\/uploads\/2025\/01\/IMG_9699-1460x1536.jpeg 1460w, https:\/\/nfs-sigmaringen.de\/wp-content\/uploads\/2025\/01\/IMG_9699.jpeg 1728w\" sizes=\"(max-width: 767px) 89vw, (max-width: 1000px) 54vw, (max-width: 1071px) 543px, 580px\" \/><\/figure>\n\n\n\n<figure class=\"wp-block-image size-large\"><img decoding=\"async\" width=\"1024\" height=\"852\" src=\"https:\/\/nfs-sigmaringen.de\/wp-content\/uploads\/2025\/01\/IMG_9711-1-1024x852.jpeg\" alt=\"\" class=\"wp-image-4077\" srcset=\"https:\/\/nfs-sigmaringen.de\/wp-content\/uploads\/2025\/01\/IMG_9711-1-1024x852.jpeg 1024w, https:\/\/nfs-sigmaringen.de\/wp-content\/uploads\/2025\/01\/IMG_9711-1-300x250.jpeg 300w, https:\/\/nfs-sigmaringen.de\/wp-content\/uploads\/2025\/01\/IMG_9711-1-768x639.jpeg 768w, https:\/\/nfs-sigmaringen.de\/wp-content\/uploads\/2025\/01\/IMG_9711-1-1536x1278.jpeg 1536w, https:\/\/nfs-sigmaringen.de\/wp-content\/uploads\/2025\/01\/IMG_9711-1.jpeg 1944w\" sizes=\"(max-width: 767px) 89vw, (max-width: 1000px) 54vw, (max-width: 1071px) 543px, 580px\" \/><\/figure>\n\n\n\n<p>Im Feuerwehrhaus Veringenstadt konnten wir in entspannter und geselliger Atmosph\u00e4re das neue Jahr begr\u00fc\u00dfen. <\/p>\n\n\n\n<p>Die Veranstaltung bot Gelegenheit f\u00fcr Austausch, Gemeinschaft und den Aufbau neuer Kontakte. <\/p>\n\n\n\n<figure class=\"wp-block-image size-large\"><img decoding=\"async\" width=\"1024\" height=\"728\" src=\"https:\/\/nfs-sigmaringen.de\/wp-content\/uploads\/2025\/01\/IMG_9710-1024x728.jpeg\" alt=\"\" class=\"wp-image-4078\" srcset=\"https:\/\/nfs-sigmaringen.de\/wp-content\/uploads\/2025\/01\/IMG_9710-1024x728.jpeg 1024w, https:\/\/nfs-sigmaringen.de\/wp-content\/uploads\/2025\/01\/IMG_9710-300x213.jpeg 300w, https:\/\/nfs-sigmaringen.de\/wp-content\/uploads\/2025\/01\/IMG_9710-768x546.jpeg 768w, https:\/\/nfs-sigmaringen.de\/wp-content\/uploads\/2025\/01\/IMG_9710-1536x1092.jpeg 1536w, https:\/\/nfs-sigmaringen.de\/wp-content\/uploads\/2025\/01\/IMG_9710-2048x1456.jpeg 2048w\" sizes=\"(max-width: 767px) 89vw, (max-width: 1000px) 54vw, (max-width: 1071px) 543px, 580px\" \/><\/figure>\n\n\n\n<figure class=\"wp-block-image size-large\"><img decoding=\"async\" width=\"961\" height=\"1024\" src=\"https:\/\/nfs-sigmaringen.de\/wp-content\/uploads\/2025\/01\/IMG_9707-961x1024.jpeg\" alt=\"\" class=\"wp-image-4074\" srcset=\"https:\/\/nfs-sigmaringen.de\/wp-content\/uploads\/2025\/01\/IMG_9707-961x1024.jpeg 961w, https:\/\/nfs-sigmaringen.de\/wp-content\/uploads\/2025\/01\/IMG_9707-282x300.jpeg 282w, https:\/\/nfs-sigmaringen.de\/wp-content\/uploads\/2025\/01\/IMG_9707-768x818.jpeg 768w, https:\/\/nfs-sigmaringen.de\/wp-content\/uploads\/2025\/01\/IMG_9707-1442x1536.jpeg 1442w, https:\/\/nfs-sigmaringen.de\/wp-content\/uploads\/2025\/01\/IMG_9707.jpeg 1718w\" sizes=\"(max-width: 767px) 89vw, (max-width: 1000px) 54vw, (max-width: 1071px) 543px, 580px\" \/><\/figure>\n\n\n\n<figure class=\"wp-block-image size-large\"><img decoding=\"async\" width=\"768\" height=\"1024\" src=\"https:\/\/nfs-sigmaringen.de\/wp-content\/uploads\/2025\/01\/IMG_9705-768x1024.jpeg\" alt=\"\" class=\"wp-image-4075\" srcset=\"https:\/\/nfs-sigmaringen.de\/wp-content\/uploads\/2025\/01\/IMG_9705-768x1024.jpeg 768w, https:\/\/nfs-sigmaringen.de\/wp-content\/uploads\/2025\/01\/IMG_9705-225x300.jpeg 225w, https:\/\/nfs-sigmaringen.de\/wp-content\/uploads\/2025\/01\/IMG_9705-1152x1536.jpeg 1152w, https:\/\/nfs-sigmaringen.de\/wp-content\/uploads\/2025\/01\/IMG_9705.jpeg 1536w\" sizes=\"(max-width: 767px) 89vw, (max-width: 1000px) 54vw, (max-width: 1071px) 543px, 580px\" \/><\/figure>\n\n\n\n<p>Das Fr\u00fchst\u00fcck war nicht nur ein kulinarischer Genuss, sondern auch ein Moment des Innehaltens, um die Herausforderungen des vergangenen Jahres zu reflektieren und mit frischem Elan ins neue Jahr zu starten.<\/p>\n\n\n\n<figure class=\"wp-block-image size-large\"><img decoding=\"async\" width=\"1024\" height=\"768\" src=\"https:\/\/nfs-sigmaringen.de\/wp-content\/uploads\/2025\/01\/IMG_0131-1024x768.jpg\" alt=\"\" class=\"wp-image-4076\" srcset=\"https:\/\/nfs-sigmaringen.de\/wp-content\/uploads\/2025\/01\/IMG_0131-1024x768.jpg 1024w, https:\/\/nfs-sigmaringen.de\/wp-content\/uploads\/2025\/01\/IMG_0131-300x225.jpg 300w, https:\/\/nfs-sigmaringen.de\/wp-content\/uploads\/2025\/01\/IMG_0131-768x576.jpg 768w, https:\/\/nfs-sigmaringen.de\/wp-content\/uploads\/2025\/01\/IMG_0131-1536x1152.jpg 1536w, https:\/\/nfs-sigmaringen.de\/wp-content\/uploads\/2025\/01\/IMG_0131-2048x1536.jpg 2048w\" sizes=\"(max-width: 767px) 89vw, (max-width: 1000px) 54vw, (max-width: 1071px) 543px, 580px\" \/><\/figure>\n\n\n\n<figure class=\"wp-block-image size-large\"><img decoding=\"async\" width=\"1024\" height=\"943\" src=\"https:\/\/nfs-sigmaringen.de\/wp-content\/uploads\/2025\/01\/IMG_9701-1024x943.jpeg\" alt=\"\" class=\"wp-image-4080\" srcset=\"https:\/\/nfs-sigmaringen.de\/wp-content\/uploads\/2025\/01\/IMG_9701-1024x943.jpeg 1024w, https:\/\/nfs-sigmaringen.de\/wp-content\/uploads\/2025\/01\/IMG_9701-300x276.jpeg 300w, https:\/\/nfs-sigmaringen.de\/wp-content\/uploads\/2025\/01\/IMG_9701-768x707.jpeg 768w, https:\/\/nfs-sigmaringen.de\/wp-content\/uploads\/2025\/01\/IMG_9701-1536x1415.jpeg 1536w, https:\/\/nfs-sigmaringen.de\/wp-content\/uploads\/2025\/01\/IMG_9701.jpeg 1848w\" sizes=\"(max-width: 767px) 89vw, (max-width: 1000px) 54vw, (max-width: 1071px) 543px, 580px\" \/><\/figure>\n\n\n\n<p>Ein herzlicher Dank gilt der Feuerwehr Veringenstadt und den Organisatoren f\u00fcr die freundliche Gastfreundschaft, die diesen gelungenen Auftakt erst erm\u00f6glicht hat. Wir freuen uns auf ein erfolgreiches Jahr 2025 in der Notfallseelsorge.<\/p>\n\n\n\n<figure class=\"wp-block-image size-large\"><img decoding=\"async\" width=\"2332\" height=\"2560\" src=\"https:\/\/nfs-sigmaringen.de\/wp-content\/uploads\/2025\/01\/IMG_0126-edited-scaled.jpeg\" alt=\"\" class=\"wp-image-4081\" srcset=\"https:\/\/nfs-sigmaringen.de\/wp-content\/uploads\/2025\/01\/IMG_0126-edited-scaled.jpeg 2332w, https:\/\/nfs-sigmaringen.de\/wp-content\/uploads\/2025\/01\/IMG_0126-edited-273x300.jpeg 273w, https:\/\/nfs-sigmaringen.de\/wp-content\/uploads\/2025\/01\/IMG_0126-edited-933x1024.jpeg 933w, https:\/\/nfs-sigmaringen.de\/wp-content\/uploads\/2025\/01\/IMG_0126-edited-768x843.jpeg 768w, https:\/\/nfs-sigmaringen.de\/wp-content\/uploads\/2025\/01\/IMG_0126-edited-1399x1536.jpeg 1399w, https:\/\/nfs-sigmaringen.de\/wp-content\/uploads\/2025\/01\/IMG_0126-edited-1865x2048.jpeg 1865w\" sizes=\"(max-width: 767px) 89vw, (max-width: 1000px) 54vw, (max-width: 1071px) 543px, 580px\" \/><\/figure>\n\n\n\n<figure class=\"wp-block-image size-large is-style-default\"><img decoding=\"async\" width=\"768\" height=\"1024\" src=\"https:\/\/nfs-sigmaringen.de\/wp-content\/uploads\/2025\/01\/IMG_9702-768x1024.jpeg\" alt=\"\" class=\"wp-image-4082\" style=\"aspect-ratio:1;object-fit:cover\" srcset=\"https:\/\/nfs-sigmaringen.de\/wp-content\/uploads\/2025\/01\/IMG_9702-768x1024.jpeg 768w, https:\/\/nfs-sigmaringen.de\/wp-content\/uploads\/2025\/01\/IMG_9702-225x300.jpeg 225w, https:\/\/nfs-sigmaringen.de\/wp-content\/uploads\/2025\/01\/IMG_9702-1152x1536.jpeg 1152w, https:\/\/nfs-sigmaringen.de\/wp-content\/uploads\/2025\/01\/IMG_9702.jpeg 1536w\" sizes=\"(max-width: 767px) 89vw, (max-width: 1000px) 54vw, (max-width: 1071px) 543px, 580px\" \/><\/figure>\n\n\n\n<p><\/p>\n<div style=\"display:flex; gap:10px;justify-content:center\" class=\"wps-pgfw-pdf-generate-icon__wrapper-frontend\">\n\t\t<a  href=\"https:\/\/nfs-sigmaringen.de?action=genpdf&amp;id=4068\" class=\"pgfw-single-pdf-download-button\" ><img src=\"https:\/\/nfs-sigmaringen.de\/wp-content\/plugins\/pdf-generator-for-wp\/admin\/src\/images\/PDF_Tray.svg\" title=\"Generate PDF\" style=\"width:auto; height:45px;\"><\/a>\n\t\t<\/div>","protected":false},"excerpt":{"rendered":"<p>Am Sonntag, den 12. Januar 2025, fand das traditionelle Neujahrsfr\u00fchst\u00fcck der Arbeitsgemeinschaft Notfallseelsorge im Landkreis Sigmaringen statt. Alle Mitglieder sowie deren Familien, Partner und G\u00f6nner waren herzlich eingeladen, um gemeinsam das neue Jahr einzul\u00e4uten. Im Feuerwehrhaus Veringenstadt konnten wir in entspannter und geselliger Atmosph\u00e4re das neue Jahr begr\u00fc\u00dfen. Die Veranstaltung bot Gelegenheit f\u00fcr Austausch, Gemeinschaft &hellip; <\/p>\n<p class=\"link-more\"><a href=\"https:\/\/nfs-sigmaringen.de\/?p=4068\" class=\"more-link\"><span class=\"screen-reader-text\">\u201eNeujahrsfr\u00fchst\u00fcck der AG Notfallseelsorge im Landkreis Sigmaringen\u201c <\/span>weiterlesen<\/a><\/p>\n","protected":false},"author":9,"featured_media":4069,"comment_status":"closed","ping_status":"closed","sticky":false,"template":"","format":"standard","meta":{"ngg_post_thumbnail":0,"footnotes":""},"categories":[4,8,7,6,5,15],"tags":[],"class_list":["post-4068","post","type-post","status-publish","format-standard","has-post-thumbnail","hentry","category-ag-notfallseelsorge","category-ausbildung-nfs","category-eks-team","category-notfallseelsorge","category-sbe-team","category-sponsoren"],"_links":{"self":[{"href":"https:\/\/nfs-sigmaringen.de\/index.php?rest_route=\/wp\/v2\/posts\/4068","targetHints":{"allow":["GET"]}}],"collection":[{"href":"https:\/\/nfs-sigmaringen.de\/index.php?rest_route=\/wp\/v2\/posts"}],"about":[{"href":"https:\/\/nfs-sigmaringen.de\/index.php?rest_route=\/wp\/v2\/types\/post"}],"author":[{"embeddable":true,"href":"https:\/\/nfs-sigmaringen.de\/index.php?rest_route=\/wp\/v2\/users\/9"}],"replies":[{"embeddable":true,"href":"https:\/\/nfs-sigmaringen.de\/index.php?rest_route=%2Fwp%2Fv2%2Fcomments&post=4068"}],"version-history":[{"count":3,"href":"https:\/\/nfs-sigmaringen.de\/index.php?rest_route=\/wp\/v2\/posts\/4068\/revisions"}],"predecessor-version":[{"id":4090,"href":"https:\/\/nfs-sigmaringen.de\/index.php?rest_route=\/wp\/v2\/posts\/4068\/revisions\/4090"}],"wp:featuredmedia":[{"embeddable":true,"href":"https:\/\/nfs-sigmaringen.de\/index.php?rest_route=\/wp\/v2\/media\/4069"}],"wp:attachment":[{"href":"https:\/\/nfs-sigmaringen.de\/index.php?rest_route=%2Fwp%2Fv2%2Fmedia&parent=4068"}],"wp:term":[{"taxonomy":"category","embeddable":true,"href":"https:\/\/nfs-sigmaringen.de\/index.php?rest_route=%2Fwp%2Fv2%2Fcategories&post=4068"},{"taxonomy":"post_tag","embeddable":true,"href":"https:\/\/nfs-sigmaringen.de\/index.php?rest_route=%2Fwp%2Fv2%2Ftags&post=4068"}],"curies":[{"name":"wp","href":"https:\/\/api.w.org\/{rel}","templated":true}]}}