{"id":3867,"date":"2024-11-21T09:00:00","date_gmt":"2024-11-21T08:00:00","guid":{"rendered":"https:\/\/nfs-sigmaringen.de\/?p=3867"},"modified":"2024-11-25T22:41:17","modified_gmt":"2024-11-25T21:41:17","slug":"notfallseelsorge-trifft-sich-zum-jaehrlichen-uebungstag-in-pfullendorf","status":"publish","type":"post","link":"https:\/\/nfs-sigmaringen.de\/?p=3867","title":{"rendered":"Notfallseelsorge trifft sich zum j\u00e4hrlichen \u00dcbungstag in Pfullendorf"},"content":{"rendered":"\n<figure class=\"wp-block-image size-large\"><img decoding=\"async\" width=\"768\" height=\"1024\" src=\"https:\/\/nfs-sigmaringen.de\/wp-content\/uploads\/2024\/11\/IMG_9869-768x1024.jpg\" alt=\"\" class=\"wp-image-3872\" srcset=\"https:\/\/nfs-sigmaringen.de\/wp-content\/uploads\/2024\/11\/IMG_9869-768x1024.jpg 768w, https:\/\/nfs-sigmaringen.de\/wp-content\/uploads\/2024\/11\/IMG_9869-225x300.jpg 225w, https:\/\/nfs-sigmaringen.de\/wp-content\/uploads\/2024\/11\/IMG_9869-1152x1536.jpg 1152w, https:\/\/nfs-sigmaringen.de\/wp-content\/uploads\/2024\/11\/IMG_9869-1536x2048.jpg 1536w, https:\/\/nfs-sigmaringen.de\/wp-content\/uploads\/2024\/11\/IMG_9869-scaled.jpg 1920w\" sizes=\"(max-width: 767px) 89vw, (max-width: 1000px) 54vw, (max-width: 1071px) 543px, 580px\" \/><figcaption class=\"wp-element-caption\">Eine starke Truppe &#8211; Die Notfallseelsorger*innen des Landkreis Sigmaringen mit unseren heutigen Referenten<\/figcaption><\/figure>\n\n\n\n<p>Am 21.11.2024 fand unser diesj\u00e4hriger \u00dcbungstag bei der <a href=\"https:\/\/www.facebook.com\/feuerwehrpfullendorf?__cft__%5b0%5d=AZX03PgSt_PzxjrcUi6F00aMDWWDcrCtocr50csYkiaDLdu2nK74GW3dSRO1Wu8Nhma9UWya2keHLsrb9HdLVz--FRayWURa6K3rXwqdCBv8-Sb4de7F3CKkSq8ZEo9uZt4QTLW6WXzOaNriNNDt9CDJ&amp;__tn__=-%5dK-R\" target=\"_blank\" rel=\"noreferrer noopener\">Feuerwehr Pfullendorf<\/a> im neuen Feuerwehrhaus statt. Ein Tag voller intensiver Arbeit, bereichernder Begegnungen und wertvollem Austausch \u2013 und das alles in bester Zusammenarbeit mit unseren Partnerorganisationen der Blaulichtfamilie.<\/p>\n\n\n\n<p>Was stand auf dem Plan?<\/p>\n\n\n\n<p><strong>Kennenlernen:<\/strong> Neue und bekannte Gesichter trafen aufeinander, um die Basis f\u00fcr ein starkes Team zu legen.<\/p>\n\n\n\n<p><strong>Referenten:<\/strong><\/p>\n\n\n\n<p>Lothar Schneider (Leiter Rettungsdienst, DRK Sigmaringen )<\/p>\n\n\n\n<p>Michael Reitter (Kreisbrandmeister, Landkreis Sigmaringen)<\/p>\n\n\n\n<p>Daniel Reiser (Revierleiter Polizei Sigmaringen)<\/p>\n\n\n\n<figure class=\"wp-block-image size-large\"><img decoding=\"async\" width=\"1024\" height=\"768\" src=\"https:\/\/nfs-sigmaringen.de\/wp-content\/uploads\/2024\/11\/20241121_112227713_iOS-1024x768.jpg\" alt=\"\" class=\"wp-image-3888\" srcset=\"https:\/\/nfs-sigmaringen.de\/wp-content\/uploads\/2024\/11\/20241121_112227713_iOS-1024x768.jpg 1024w, https:\/\/nfs-sigmaringen.de\/wp-content\/uploads\/2024\/11\/20241121_112227713_iOS-300x225.jpg 300w, https:\/\/nfs-sigmaringen.de\/wp-content\/uploads\/2024\/11\/20241121_112227713_iOS-768x576.jpg 768w, https:\/\/nfs-sigmaringen.de\/wp-content\/uploads\/2024\/11\/20241121_112227713_iOS-1536x1152.jpg 1536w, https:\/\/nfs-sigmaringen.de\/wp-content\/uploads\/2024\/11\/20241121_112227713_iOS-2048x1536.jpg 2048w\" sizes=\"(max-width: 767px) 89vw, (max-width: 1000px) 54vw, (max-width: 1071px) 543px, 580px\" \/><figcaption class=\"wp-element-caption\">vlnr: Michael Reitter, Daniel Reiser, Lothar Schneider<\/figcaption><\/figure>\n\n\n\n<p><strong>Planspiel:<\/strong><\/p>\n\n\n\n<p>Gemeinsam arbeiteten wir an einer herausfordernden \u00dcbung \u2013 eine gro\u00dfe Unwetterlage mit vermissten Kindern an einem See im Landkreis. Dabei konnten wir die Zusammenarbeit zwischen PSNV, Feuerwehr, Rettungsdienst und Polizei erleben und verbessern.<\/p>\n\n\n\n<figure class=\"wp-block-image size-large\"><img decoding=\"async\" width=\"1024\" height=\"604\" src=\"https:\/\/nfs-sigmaringen.de\/wp-content\/uploads\/2024\/11\/20241121_090947441_iOS-1-1024x604.jpg\" alt=\"\" class=\"wp-image-3894\" srcset=\"https:\/\/nfs-sigmaringen.de\/wp-content\/uploads\/2024\/11\/20241121_090947441_iOS-1-1024x604.jpg 1024w, https:\/\/nfs-sigmaringen.de\/wp-content\/uploads\/2024\/11\/20241121_090947441_iOS-1-300x177.jpg 300w, https:\/\/nfs-sigmaringen.de\/wp-content\/uploads\/2024\/11\/20241121_090947441_iOS-1-768x453.jpg 768w, https:\/\/nfs-sigmaringen.de\/wp-content\/uploads\/2024\/11\/20241121_090947441_iOS-1-1536x906.jpg 1536w, https:\/\/nfs-sigmaringen.de\/wp-content\/uploads\/2024\/11\/20241121_090947441_iOS-1-2048x1208.jpg 2048w\" sizes=\"(max-width: 767px) 89vw, (max-width: 1000px) 54vw, (max-width: 1071px) 543px, 580px\" \/><figcaption class=\"wp-element-caption\">Planspiel u.a. mit Kreisbrandmeister Michael Reitter<\/figcaption><\/figure>\n\n\n\n<p><strong>Nachmittagsthemen:<\/strong><\/p>\n\n\n\n<p>Alarm- und Ausr\u00fcckeordnung (AAO)<\/p>\n\n\n\n<p>Informationen aus der Notfallseelsorge<\/p>\n\n\n\n<p>Interkulturelle Herausforderungen bei Eins\u00e4tzen in muslimischen Familien \u2013 begleitet von <strong>Nurg\u00fcl S\u00fcral<\/strong><\/p>\n\n\n\n<figure class=\"wp-block-image size-large\"><img decoding=\"async\" width=\"1024\" height=\"455\" src=\"https:\/\/nfs-sigmaringen.de\/wp-content\/uploads\/2024\/11\/20241121_135218495_iOS-1024x455.jpg\" alt=\"\" class=\"wp-image-3891\" srcset=\"https:\/\/nfs-sigmaringen.de\/wp-content\/uploads\/2024\/11\/20241121_135218495_iOS-1024x455.jpg 1024w, https:\/\/nfs-sigmaringen.de\/wp-content\/uploads\/2024\/11\/20241121_135218495_iOS-300x133.jpg 300w, https:\/\/nfs-sigmaringen.de\/wp-content\/uploads\/2024\/11\/20241121_135218495_iOS-768x342.jpg 768w, https:\/\/nfs-sigmaringen.de\/wp-content\/uploads\/2024\/11\/20241121_135218495_iOS-1536x683.jpg 1536w, https:\/\/nfs-sigmaringen.de\/wp-content\/uploads\/2024\/11\/20241121_135218495_iOS-2048x911.jpg 2048w\" sizes=\"(max-width: 767px) 89vw, (max-width: 1000px) 54vw, (max-width: 1071px) 543px, 580px\" \/><figcaption class=\"wp-element-caption\">Im Austausch mit Nurg\u00fcl S\u00fcral<\/figcaption><\/figure>\n\n\n\n<p>Pausen und Gemeinschaft<\/p>\n\n\n\n<p>Zwischen den intensiven Arbeitsphasen st\u00e4rkten wir uns bei einer gem\u00fctlichen Mittagspause. Den Abschluss des Tages bildete ein geselliges Beisammensein im Barf\u00fc\u00dfer Pfullendorf, wo wir die Erfahrungen des Tages Revue passieren lie\u00dfen.<\/p>\n\n\n\n<p>Ein herzliches Dankesch\u00f6n!<\/p>\n\n\n\n<p>Danke an alle Teilnehmenden, Referenten, Organisationen und den Hausherren, die diesen \u00dcbungstag erm\u00f6glicht haben. Lasst uns weiter wachsen und f\u00fcr andere da sein, wenn es darauf ankommt.<\/p>\n<div style=\"display:flex; gap:10px;justify-content:center\" class=\"wps-pgfw-pdf-generate-icon__wrapper-frontend\">\n\t\t<a  href=\"https:\/\/nfs-sigmaringen.de?action=genpdf&amp;id=3867\" class=\"pgfw-single-pdf-download-button\" ><img src=\"https:\/\/nfs-sigmaringen.de\/wp-content\/plugins\/pdf-generator-for-wp\/admin\/src\/images\/PDF_Tray.svg\" title=\"Generate PDF\" style=\"width:auto; height:45px;\"><\/a>\n\t\t<\/div>","protected":false},"excerpt":{"rendered":"<p>Am 21.11.2024 fand unser diesj\u00e4hriger \u00dcbungstag bei der Feuerwehr Pfullendorf im neuen Feuerwehrhaus statt. Ein Tag voller intensiver Arbeit, bereichernder Begegnungen und wertvollem Austausch \u2013 und das alles in bester Zusammenarbeit mit unseren Partnerorganisationen der Blaulichtfamilie. Was stand auf dem Plan? Kennenlernen: Neue und bekannte Gesichter trafen aufeinander, um die Basis f\u00fcr ein starkes Team &hellip; <\/p>\n<p class=\"link-more\"><a href=\"https:\/\/nfs-sigmaringen.de\/?p=3867\" class=\"more-link\"><span class=\"screen-reader-text\">\u201eNotfallseelsorge trifft sich zum j\u00e4hrlichen \u00dcbungstag in Pfullendorf\u201c <\/span>weiterlesen<\/a><\/p>\n","protected":false},"author":10,"featured_media":3892,"comment_status":"closed","ping_status":"closed","sticky":false,"template":"","format":"standard","meta":{"ngg_post_thumbnail":0,"footnotes":""},"categories":[4,6],"tags":[],"class_list":["post-3867","post","type-post","status-publish","format-standard","has-post-thumbnail","hentry","category-ag-notfallseelsorge","category-notfallseelsorge"],"_links":{"self":[{"href":"https:\/\/nfs-sigmaringen.de\/index.php?rest_route=\/wp\/v2\/posts\/3867","targetHints":{"allow":["GET"]}}],"collection":[{"href":"https:\/\/nfs-sigmaringen.de\/index.php?rest_route=\/wp\/v2\/posts"}],"about":[{"href":"https:\/\/nfs-sigmaringen.de\/index.php?rest_route=\/wp\/v2\/types\/post"}],"author":[{"embeddable":true,"href":"https:\/\/nfs-sigmaringen.de\/index.php?rest_route=\/wp\/v2\/users\/10"}],"replies":[{"embeddable":true,"href":"https:\/\/nfs-sigmaringen.de\/index.php?rest_route=%2Fwp%2Fv2%2Fcomments&post=3867"}],"version-history":[{"count":3,"href":"https:\/\/nfs-sigmaringen.de\/index.php?rest_route=\/wp\/v2\/posts\/3867\/revisions"}],"predecessor-version":[{"id":3896,"href":"https:\/\/nfs-sigmaringen.de\/index.php?rest_route=\/wp\/v2\/posts\/3867\/revisions\/3896"}],"wp:featuredmedia":[{"embeddable":true,"href":"https:\/\/nfs-sigmaringen.de\/index.php?rest_route=\/wp\/v2\/media\/3892"}],"wp:attachment":[{"href":"https:\/\/nfs-sigmaringen.de\/index.php?rest_route=%2Fwp%2Fv2%2Fmedia&parent=3867"}],"wp:term":[{"taxonomy":"category","embeddable":true,"href":"https:\/\/nfs-sigmaringen.de\/index.php?rest_route=%2Fwp%2Fv2%2Fcategories&post=3867"},{"taxonomy":"post_tag","embeddable":true,"href":"https:\/\/nfs-sigmaringen.de\/index.php?rest_route=%2Fwp%2Fv2%2Ftags&post=3867"}],"curies":[{"name":"wp","href":"https:\/\/api.w.org\/{rel}","templated":true}]}}