{"id":2447,"date":"2023-02-24T20:15:00","date_gmt":"2023-02-24T19:15:00","guid":{"rendered":"https:\/\/nfs-sigmaringen.de\/?p=2447"},"modified":"2023-02-26T12:28:34","modified_gmt":"2023-02-26T11:28:34","slug":"leitungsteam-vertritt-die-notfallseelsorge-beim-kreisfeuerwehrverband-sigmaringen","status":"publish","type":"post","link":"https:\/\/nfs-sigmaringen.de\/?p=2447","title":{"rendered":"Leitungsteam vertritt die Notfallseelsorge beim Kreisfeuerwehrverband Sigmaringen"},"content":{"rendered":"\n<p>Das Leitungsteam der Notfallseelsorge ist durch den Sprecher Winfried Fritz im Ausschuss des Kreisfeuerwehrverbandes Landkreis Sigmaringen (KFV) dauerhaft vertreten. Auch in diesem Jahr haben die Mitglieder des Leitungsteams wieder an der Hauptversammlung des KFV teilgenommen. Landesfeuerwehrseelsorger Edwin M\u00fcller \u00fcbernahm in diesem Rahmen das Totengedenken und Winfried Fritz stellte die Einsatzzahlen und die derzeitige Struktur der Notfallseelsorge im Landkreis Sigmaringen kurz dar. Insbesondere die deutliche Steigerung der Einsatzzahlen im Jahr 2022, auf 243 Eins\u00e4tze, wertete er als Zeichen f\u00fcr eine sehr enge Zusammenarbeit mit Polizei, Rettungsdienst und den \u00f6rtlichen Feuerwehren. <\/p>\n\n\n\n<p>zur Homepage des <a href=\"https:\/\/kfv-sigmaringen.de\">Kreisfeuerwehrverband im  Landkreis Sigmaringen<\/a><\/p>\n\n\n\n<figure class=\"wp-block-image size-large\"><img decoding=\"async\" width=\"1024\" height=\"768\" src=\"https:\/\/nfs-sigmaringen.de\/wp-content\/uploads\/2023\/02\/2023-02-24-kfv-leitungsteam-1024x768.jpg\" alt=\"\" class=\"wp-image-2448\" srcset=\"https:\/\/nfs-sigmaringen.de\/wp-content\/uploads\/2023\/02\/2023-02-24-kfv-leitungsteam-1024x768.jpg 1024w, https:\/\/nfs-sigmaringen.de\/wp-content\/uploads\/2023\/02\/2023-02-24-kfv-leitungsteam-300x225.jpg 300w, https:\/\/nfs-sigmaringen.de\/wp-content\/uploads\/2023\/02\/2023-02-24-kfv-leitungsteam-768x576.jpg 768w, https:\/\/nfs-sigmaringen.de\/wp-content\/uploads\/2023\/02\/2023-02-24-kfv-leitungsteam-1536x1152.jpg 1536w, https:\/\/nfs-sigmaringen.de\/wp-content\/uploads\/2023\/02\/2023-02-24-kfv-leitungsteam-2048x1536.jpg 2048w\" sizes=\"(max-width: 767px) 89vw, (max-width: 1000px) 54vw, (max-width: 1071px) 543px, 580px\" \/><figcaption class=\"wp-element-caption\">Die Mitglieder des Leitungsteams bei der Hauptversammlung des KFV Sigmaringen<\/figcaption><\/figure>\n\n\n\n<figure class=\"wp-block-image size-full\"><img decoding=\"async\" width=\"960\" height=\"720\" src=\"https:\/\/nfs-sigmaringen.de\/wp-content\/uploads\/2023\/01\/2023-statistik-b.jpg\" alt=\"\" class=\"wp-image-2370\" srcset=\"https:\/\/nfs-sigmaringen.de\/wp-content\/uploads\/2023\/01\/2023-statistik-b.jpg 960w, https:\/\/nfs-sigmaringen.de\/wp-content\/uploads\/2023\/01\/2023-statistik-b-300x225.jpg 300w, https:\/\/nfs-sigmaringen.de\/wp-content\/uploads\/2023\/01\/2023-statistik-b-768x576.jpg 768w\" sizes=\"(max-width: 767px) 89vw, (max-width: 1000px) 54vw, (max-width: 1071px) 543px, 580px\" \/><\/figure>\n\n\n\n<figure class=\"wp-block-image size-full\"><img decoding=\"async\" width=\"960\" height=\"720\" src=\"https:\/\/nfs-sigmaringen.de\/wp-content\/uploads\/2023\/01\/2023-statistik-a.jpg\" alt=\"\" class=\"wp-image-2368\" srcset=\"https:\/\/nfs-sigmaringen.de\/wp-content\/uploads\/2023\/01\/2023-statistik-a.jpg 960w, https:\/\/nfs-sigmaringen.de\/wp-content\/uploads\/2023\/01\/2023-statistik-a-300x225.jpg 300w, https:\/\/nfs-sigmaringen.de\/wp-content\/uploads\/2023\/01\/2023-statistik-a-768x576.jpg 768w\" sizes=\"(max-width: 767px) 89vw, (max-width: 1000px) 54vw, (max-width: 1071px) 543px, 580px\" \/><\/figure>\n<div style=\"display:flex; gap:10px;justify-content:center\" class=\"wps-pgfw-pdf-generate-icon__wrapper-frontend\">\n\t\t<a  href=\"https:\/\/nfs-sigmaringen.de?action=genpdf&amp;id=2447\" class=\"pgfw-single-pdf-download-button\" ><img src=\"https:\/\/nfs-sigmaringen.de\/wp-content\/plugins\/pdf-generator-for-wp\/admin\/src\/images\/PDF_Tray.svg\" title=\"Generate PDF\" style=\"width:auto; height:45px;\"><\/a>\n\t\t<\/div>","protected":false},"excerpt":{"rendered":"<p>Das Leitungsteam der Notfallseelsorge ist durch den Sprecher Winfried Fritz im Ausschuss des Kreisfeuerwehrverbandes Landkreis Sigmaringen (KFV) dauerhaft vertreten. Auch in diesem Jahr haben die Mitglieder des Leitungsteams wieder an der Hauptversammlung des KFV teilgenommen. Landesfeuerwehrseelsorger Edwin M\u00fcller \u00fcbernahm in diesem Rahmen das Totengedenken und Winfried Fritz stellte die Einsatzzahlen und die derzeitige Struktur der &hellip; <\/p>\n<p class=\"link-more\"><a href=\"https:\/\/nfs-sigmaringen.de\/?p=2447\" class=\"more-link\"><span class=\"screen-reader-text\">\u201eLeitungsteam vertritt die Notfallseelsorge beim Kreisfeuerwehrverband Sigmaringen\u201c <\/span>weiterlesen<\/a><\/p>\n","protected":false},"author":1,"featured_media":2448,"comment_status":"closed","ping_status":"closed","sticky":false,"template":"","format":"standard","meta":{"ngg_post_thumbnail":0,"footnotes":""},"categories":[4,6],"tags":[],"class_list":["post-2447","post","type-post","status-publish","format-standard","has-post-thumbnail","hentry","category-ag-notfallseelsorge","category-notfallseelsorge"],"_links":{"self":[{"href":"https:\/\/nfs-sigmaringen.de\/index.php?rest_route=\/wp\/v2\/posts\/2447","targetHints":{"allow":["GET"]}}],"collection":[{"href":"https:\/\/nfs-sigmaringen.de\/index.php?rest_route=\/wp\/v2\/posts"}],"about":[{"href":"https:\/\/nfs-sigmaringen.de\/index.php?rest_route=\/wp\/v2\/types\/post"}],"author":[{"embeddable":true,"href":"https:\/\/nfs-sigmaringen.de\/index.php?rest_route=\/wp\/v2\/users\/1"}],"replies":[{"embeddable":true,"href":"https:\/\/nfs-sigmaringen.de\/index.php?rest_route=%2Fwp%2Fv2%2Fcomments&post=2447"}],"version-history":[{"count":3,"href":"https:\/\/nfs-sigmaringen.de\/index.php?rest_route=\/wp\/v2\/posts\/2447\/revisions"}],"predecessor-version":[{"id":2451,"href":"https:\/\/nfs-sigmaringen.de\/index.php?rest_route=\/wp\/v2\/posts\/2447\/revisions\/2451"}],"wp:featuredmedia":[{"embeddable":true,"href":"https:\/\/nfs-sigmaringen.de\/index.php?rest_route=\/wp\/v2\/media\/2448"}],"wp:attachment":[{"href":"https:\/\/nfs-sigmaringen.de\/index.php?rest_route=%2Fwp%2Fv2%2Fmedia&parent=2447"}],"wp:term":[{"taxonomy":"category","embeddable":true,"href":"https:\/\/nfs-sigmaringen.de\/index.php?rest_route=%2Fwp%2Fv2%2Fcategories&post=2447"},{"taxonomy":"post_tag","embeddable":true,"href":"https:\/\/nfs-sigmaringen.de\/index.php?rest_route=%2Fwp%2Fv2%2Ftags&post=2447"}],"curies":[{"name":"wp","href":"https:\/\/api.w.org\/{rel}","templated":true}]}}