{"id":2357,"date":"2023-01-27T16:18:17","date_gmt":"2023-01-27T15:18:17","guid":{"rendered":"https:\/\/nfs-sigmaringen.de\/?p=2357"},"modified":"2023-01-29T16:30:26","modified_gmt":"2023-01-29T15:30:26","slug":"grundkurs-notfallseelsorge-an-der-landesfeuerwehrschule","status":"publish","type":"post","link":"https:\/\/nfs-sigmaringen.de\/?p=2357","title":{"rendered":"Grundkurs Notfallseelsorge an der Landesfeuerwehrschule"},"content":{"rendered":"\n<p>Karina Halder hat am Grundkurs f\u00fcr Notfallseelsorger*innen an der Landesfeuerwehrschule in Bruchsal teilgenommen. Der Kurs hatte das Ziel, die Teilnehmer*innen, nach der Phase der regionalen Fortbildungen nun weiter auf ihre Arbeit als Notfallseelsorger*innen vorzubereiten und ihnen die notwendigen Kenntnisse und F\u00e4higkeiten zu vermitteln.<\/p>\n\n\n\n<p>W\u00e4hrend des Kurses wurden Themen behandelt, die f\u00fcr die Arbeit von Notfallseelsorger*innen von besonderer Bedeutung sind. Dazu geh\u00f6rten die Arbeit der Feuerwehr, Verkehrspolizei, Kriminalpolizei, Rettungsdienst und Notarzt, die jeweils ausf\u00fchrlich erl\u00e4utert wurden. Dies erm\u00f6glichte es den Teilnehmerinnen, ein besseres Verst\u00e4ndnis f\u00fcr die Arbeitsabl\u00e4ufe und Herausforderungen dieser Berufsgruppen zu entwickeln und besser auf die Bed\u00fcrfnisse und Anliegen dieser Personengruppen eingehen zu k\u00f6nnen. Weitere wichtige Themen waren die Psychotraumatologie, der pl\u00f6tzliche Kindstod, die \u00dcberbringung von Todesnachrichten (mit Hilfe von Rollenspielen) und die Rechtsgrundlagen wie die Schweigepflicht und das Aussageverweigerungsrecht. <\/p>\n\n\n\n<p>Insgesamt hat Karina Halder dort wichtige Kenntnisse und F\u00e4higkeiten erwerben k\u00f6nnen, die f\u00fcr ihre Arbeit als Notfallseelsorgerin von gro\u00dfer Bedeutung sind. Sie hat gelernt, wie sie in schwierigen Situationen professionell und angemessen handeln kann, und hat sich mit den Herausforderungen und Anforderungen ihrer ehrenamtlichen T\u00e4tigkeit auseinandersetzen k\u00f6nnen. Nach einer Phase der Erprobung, die mit Supervisionen begleitet wird, erfolgt dann im Herbst der Aufbaukurs. <\/p>\n\n\n\n<figure class=\"wp-block-image size-large\"><img decoding=\"async\" width=\"1024\" height=\"437\" src=\"https:\/\/nfs-sigmaringen.de\/wp-content\/uploads\/2023\/01\/2023-grundkurs-nfs-1024x437.jpg\" alt=\"\" class=\"wp-image-2358\" srcset=\"https:\/\/nfs-sigmaringen.de\/wp-content\/uploads\/2023\/01\/2023-grundkurs-nfs-1024x437.jpg 1024w, https:\/\/nfs-sigmaringen.de\/wp-content\/uploads\/2023\/01\/2023-grundkurs-nfs-300x128.jpg 300w, https:\/\/nfs-sigmaringen.de\/wp-content\/uploads\/2023\/01\/2023-grundkurs-nfs-768x327.jpg 768w, https:\/\/nfs-sigmaringen.de\/wp-content\/uploads\/2023\/01\/2023-grundkurs-nfs-1536x655.jpg 1536w, https:\/\/nfs-sigmaringen.de\/wp-content\/uploads\/2023\/01\/2023-grundkurs-nfs-2048x873.jpg 2048w\" sizes=\"(max-width: 767px) 89vw, (max-width: 1000px) 54vw, (max-width: 1071px) 543px, 580px\" \/><figcaption class=\"wp-element-caption\">Grundkurs Notfallseelsorge 2023 an der Landesfeuerwehrschule in Bruchsal; <br>die Teilnehmer*innen und Referent*innen; vorne in der Mitte Karina Halder mit blauer Einsatzjacke<\/figcaption><\/figure>\n<div style=\"display:flex; gap:10px;justify-content:center\" class=\"wps-pgfw-pdf-generate-icon__wrapper-frontend\">\n\t\t<a  href=\"https:\/\/nfs-sigmaringen.de?action=genpdf&amp;id=2357\" class=\"pgfw-single-pdf-download-button\" ><img src=\"https:\/\/nfs-sigmaringen.de\/wp-content\/plugins\/pdf-generator-for-wp\/admin\/src\/images\/PDF_Tray.svg\" title=\"Generate PDF\" style=\"width:auto; height:45px;\"><\/a>\n\t\t<\/div>","protected":false},"excerpt":{"rendered":"<p>Karina Halder hat am Grundkurs f\u00fcr Notfallseelsorger*innen an der Landesfeuerwehrschule in Bruchsal teilgenommen. Der Kurs hatte das Ziel, die Teilnehmer*innen, nach der Phase der regionalen Fortbildungen nun weiter auf ihre Arbeit als Notfallseelsorger*innen vorzubereiten und ihnen die notwendigen Kenntnisse und F\u00e4higkeiten zu vermitteln. W\u00e4hrend des Kurses wurden Themen behandelt, die f\u00fcr die Arbeit von Notfallseelsorger*innen &hellip; <\/p>\n<p class=\"link-more\"><a href=\"https:\/\/nfs-sigmaringen.de\/?p=2357\" class=\"more-link\"><span class=\"screen-reader-text\">\u201eGrundkurs Notfallseelsorge an der Landesfeuerwehrschule\u201c <\/span>weiterlesen<\/a><\/p>\n","protected":false},"author":1,"featured_media":2362,"comment_status":"closed","ping_status":"closed","sticky":false,"template":"","format":"standard","meta":{"ngg_post_thumbnail":0,"footnotes":""},"categories":[4,8,6],"tags":[],"class_list":["post-2357","post","type-post","status-publish","format-standard","has-post-thumbnail","hentry","category-ag-notfallseelsorge","category-ausbildung-nfs","category-notfallseelsorge"],"_links":{"self":[{"href":"https:\/\/nfs-sigmaringen.de\/index.php?rest_route=\/wp\/v2\/posts\/2357","targetHints":{"allow":["GET"]}}],"collection":[{"href":"https:\/\/nfs-sigmaringen.de\/index.php?rest_route=\/wp\/v2\/posts"}],"about":[{"href":"https:\/\/nfs-sigmaringen.de\/index.php?rest_route=\/wp\/v2\/types\/post"}],"author":[{"embeddable":true,"href":"https:\/\/nfs-sigmaringen.de\/index.php?rest_route=\/wp\/v2\/users\/1"}],"replies":[{"embeddable":true,"href":"https:\/\/nfs-sigmaringen.de\/index.php?rest_route=%2Fwp%2Fv2%2Fcomments&post=2357"}],"version-history":[{"count":5,"href":"https:\/\/nfs-sigmaringen.de\/index.php?rest_route=\/wp\/v2\/posts\/2357\/revisions"}],"predecessor-version":[{"id":2366,"href":"https:\/\/nfs-sigmaringen.de\/index.php?rest_route=\/wp\/v2\/posts\/2357\/revisions\/2366"}],"wp:featuredmedia":[{"embeddable":true,"href":"https:\/\/nfs-sigmaringen.de\/index.php?rest_route=\/wp\/v2\/media\/2362"}],"wp:attachment":[{"href":"https:\/\/nfs-sigmaringen.de\/index.php?rest_route=%2Fwp%2Fv2%2Fmedia&parent=2357"}],"wp:term":[{"taxonomy":"category","embeddable":true,"href":"https:\/\/nfs-sigmaringen.de\/index.php?rest_route=%2Fwp%2Fv2%2Fcategories&post=2357"},{"taxonomy":"post_tag","embeddable":true,"href":"https:\/\/nfs-sigmaringen.de\/index.php?rest_route=%2Fwp%2Fv2%2Ftags&post=2357"}],"curies":[{"name":"wp","href":"https:\/\/api.w.org\/{rel}","templated":true}]}}