{"id":1741,"date":"2022-05-26T16:41:00","date_gmt":"2022-05-26T14:41:00","guid":{"rendered":"https:\/\/nfs-sigmaringen.de\/?p=1741"},"modified":"2022-05-28T19:31:46","modified_gmt":"2022-05-28T17:31:46","slug":"nfs-sigmaringen-beim-katholikentag-in-stuttgart","status":"publish","type":"post","link":"https:\/\/nfs-sigmaringen.de\/?p=1741","title":{"rendered":"NFS-Sigmaringen beim Katholikentag in Stuttgart"},"content":{"rendered":"\n<p>Auf dem Katholikentag 2022 in Stuttgart haben sich viele verschiedene Organisationen und Gruppen mit ihren Aufgabenfeldern pr\u00e4sentiert und sind mit den Katholikentagsbesuchern ins Gespr\u00e4ch gekommen. Auch die Notfallseelsorge war mit Repr\u00e4sentanten aus verschiedenen Landkreisen vertreten. <\/p>\n\n\n\n<p>Und immer wieder wurde eine best\u00e4rkende R\u00fcckmeldung von den Besucher*innen ausgesprochen:<br>&#8220; \u2026sch\u00f6n und wichtig, dass ihr im Notfall f\u00fcr andere da seid.&#8220;<\/p>\n\n\n\n<p class=\"has-small-font-size\">Text und Bild: Kathrin R\u00f6mer<\/p>\n\n\n\n<figure class=\"wp-block-image size-full\"><img decoding=\"async\" width=\"721\" height=\"585\" src=\"https:\/\/nfs-sigmaringen.de\/wp-content\/uploads\/2022\/05\/2022-katholikentag-nfs.jpg\" alt=\"\" class=\"wp-image-1744\" srcset=\"https:\/\/nfs-sigmaringen.de\/wp-content\/uploads\/2022\/05\/2022-katholikentag-nfs.jpg 721w, https:\/\/nfs-sigmaringen.de\/wp-content\/uploads\/2022\/05\/2022-katholikentag-nfs-300x243.jpg 300w\" sizes=\"(max-width: 721px) 100vw, 721px\" \/><figcaption>Mitglieder der Notfallseelsorge aus dem Landkreis Sigmaringen betreuen den Stand der NFS auf dem Katholikentag in Stuttgart<\/figcaption><\/figure>\n<div style=\"display:flex; gap:10px;justify-content:center\" class=\"wps-pgfw-pdf-generate-icon__wrapper-frontend\">\n\t\t<a  href=\"https:\/\/nfs-sigmaringen.de?action=genpdf&amp;id=1741\" class=\"pgfw-single-pdf-download-button\" ><img src=\"https:\/\/nfs-sigmaringen.de\/wp-content\/plugins\/pdf-generator-for-wp\/admin\/src\/images\/PDF_Tray.svg\" title=\"Generate PDF\" style=\"width:auto; height:45px;\"><\/a>\n\t\t<\/div>","protected":false},"excerpt":{"rendered":"<p>Auf dem Katholikentag 2022 in Stuttgart haben sich viele verschiedene Organisationen und Gruppen mit ihren Aufgabenfeldern pr\u00e4sentiert und sind mit den Katholikentagsbesuchern ins Gespr\u00e4ch gekommen. Auch die Notfallseelsorge war mit Repr\u00e4sentanten aus verschiedenen Landkreisen vertreten. Und immer wieder wurde eine best\u00e4rkende R\u00fcckmeldung von den Besucher*innen ausgesprochen:&#8220; \u2026sch\u00f6n und wichtig, dass ihr im Notfall f\u00fcr andere &hellip; <\/p>\n<p class=\"link-more\"><a href=\"https:\/\/nfs-sigmaringen.de\/?p=1741\" class=\"more-link\"><span class=\"screen-reader-text\">\u201eNFS-Sigmaringen beim Katholikentag in Stuttgart\u201c <\/span>weiterlesen<\/a><\/p>\n","protected":false},"author":1,"featured_media":1742,"comment_status":"closed","ping_status":"closed","sticky":false,"template":"","format":"standard","meta":{"ngg_post_thumbnail":0,"footnotes":""},"categories":[4,6],"tags":[],"class_list":["post-1741","post","type-post","status-publish","format-standard","has-post-thumbnail","hentry","category-ag-notfallseelsorge","category-notfallseelsorge"],"_links":{"self":[{"href":"https:\/\/nfs-sigmaringen.de\/index.php?rest_route=\/wp\/v2\/posts\/1741","targetHints":{"allow":["GET"]}}],"collection":[{"href":"https:\/\/nfs-sigmaringen.de\/index.php?rest_route=\/wp\/v2\/posts"}],"about":[{"href":"https:\/\/nfs-sigmaringen.de\/index.php?rest_route=\/wp\/v2\/types\/post"}],"author":[{"embeddable":true,"href":"https:\/\/nfs-sigmaringen.de\/index.php?rest_route=\/wp\/v2\/users\/1"}],"replies":[{"embeddable":true,"href":"https:\/\/nfs-sigmaringen.de\/index.php?rest_route=%2Fwp%2Fv2%2Fcomments&post=1741"}],"version-history":[{"count":8,"href":"https:\/\/nfs-sigmaringen.de\/index.php?rest_route=\/wp\/v2\/posts\/1741\/revisions"}],"predecessor-version":[{"id":1753,"href":"https:\/\/nfs-sigmaringen.de\/index.php?rest_route=\/wp\/v2\/posts\/1741\/revisions\/1753"}],"wp:featuredmedia":[{"embeddable":true,"href":"https:\/\/nfs-sigmaringen.de\/index.php?rest_route=\/wp\/v2\/media\/1742"}],"wp:attachment":[{"href":"https:\/\/nfs-sigmaringen.de\/index.php?rest_route=%2Fwp%2Fv2%2Fmedia&parent=1741"}],"wp:term":[{"taxonomy":"category","embeddable":true,"href":"https:\/\/nfs-sigmaringen.de\/index.php?rest_route=%2Fwp%2Fv2%2Fcategories&post=1741"},{"taxonomy":"post_tag","embeddable":true,"href":"https:\/\/nfs-sigmaringen.de\/index.php?rest_route=%2Fwp%2Fv2%2Ftags&post=1741"}],"curies":[{"name":"wp","href":"https:\/\/api.w.org\/{rel}","templated":true}]}}